{"id":931,"date":"2017-09-21T15:10:28","date_gmt":"2017-09-21T15:10:28","guid":{"rendered":"http:\/\/tulitu.eu\/wp\/?p=931"},"modified":"2017-10-10T10:13:55","modified_gmt":"2017-10-10T10:13:55","slug":"mercredi-25-octobre-a-19h-rencontre-avec-martin-winckler","status":"publish","type":"post","link":"https:\/\/tulitu.eu\/wp\/?p=931","title":{"rendered":"Mercredi 25 octobre \u00e0 19h rencontre avec Martin Winckler"},"content":{"rendered":"<p><a href=\"http:\/\/tulitu.eu\/wp\/wp-content\/uploads\/2017\/09\/winckler-2.jpg\"><img loading=\"lazy\" decoding=\"async\" class=\"alignnone size-medium wp-image-932\" src=\"http:\/\/tulitu.eu\/wp\/wp-content\/uploads\/2017\/09\/winckler-2-225x300.jpg\" alt=\"winckler (2)\" width=\"225\" height=\"300\" srcset=\"https:\/\/tulitu.eu\/wp\/wp-content\/uploads\/2017\/09\/winckler-2-225x300.jpg 225w, https:\/\/tulitu.eu\/wp\/wp-content\/uploads\/2017\/09\/winckler-2.jpg 462w\" sizes=\"auto, (max-width: 225px) 100vw, 225px\" \/><\/a><a href=\"http:\/\/tulitu.eu\/wp\/wp-content\/uploads\/2017\/09\/winckler3.jpg\"><img loading=\"lazy\" decoding=\"async\" class=\"alignnone size-medium wp-image-933\" src=\"http:\/\/tulitu.eu\/wp\/wp-content\/uploads\/2017\/09\/winckler3-225x300.jpg\" alt=\"winckler3\" width=\"225\" height=\"300\" srcset=\"https:\/\/tulitu.eu\/wp\/wp-content\/uploads\/2017\/09\/winckler3-225x300.jpg 225w, https:\/\/tulitu.eu\/wp\/wp-content\/uploads\/2017\/09\/winckler3.jpg 720w\" sizes=\"auto, (max-width: 225px) 100vw, 225px\" \/><\/a><\/p>\n<p><span class=\"_4n-j _3cht fsl\" data-testid=\"event-permalink-details\">Nos sommes tr\u00e8s heureuses d&#8217;accueillir Martin Winckler \u00e0 l&#8217;occasion de la parution aux <a href=\"https:\/\/www.facebook.com\/Editions-POL-276406839722\/\" data-hovercard=\"\/ajax\/hovercard\/page.php?id=276406839722&amp;extragetparams=%7B%22directed_target_id%22%3A1654786461206765%7D\" data-hovercard-prefer-more-content-show=\"1\">Editions POL <\/a>de son roman &#8220;Les histoires de Franz&#8221;.<\/span><\/p>\n<p>La rencontre sera anim\u00e9e par l&#8217;autrice et f\u00e9ministe Christine Aventin.<\/p>\n<p>R\u00e9servation souhait\u00e9e par courriel \u00e0 l&#8217;adresse librairie@tulitu.eu<\/p>\n","protected":false},"excerpt":{"rendered":"<p>Nos sommes tr\u00e8s heureuses d&#8217;accueillir Martin Winckler \u00e0 l&#8217;occasion de la parution aux Editions POL de son roman &#8220;Les histoires de Franz&#8221;. La rencontre sera anim\u00e9e par l&#8217;autrice et f\u00e9ministe Christine Aventin. R\u00e9servation souhait\u00e9e par courriel \u00e0 l&#8217;adresse librairie@tulitu.eu<\/p>\n","protected":false},"author":1,"featured_media":0,"comment_status":"closed","ping_status":"closed","sticky":false,"template":"","format":"standard","meta":{"footnotes":""},"categories":[2],"tags":[],"class_list":["post-931","post","type-post","status-publish","format-standard","hentry","category-agenda"],"_links":{"self":[{"href":"https:\/\/tulitu.eu\/wp\/index.php?rest_route=\/wp\/v2\/posts\/931","targetHints":{"allow":["GET"]}}],"collection":[{"href":"https:\/\/tulitu.eu\/wp\/index.php?rest_route=\/wp\/v2\/posts"}],"about":[{"href":"https:\/\/tulitu.eu\/wp\/index.php?rest_route=\/wp\/v2\/types\/post"}],"author":[{"embeddable":true,"href":"https:\/\/tulitu.eu\/wp\/index.php?rest_route=\/wp\/v2\/users\/1"}],"replies":[{"embeddable":true,"href":"https:\/\/tulitu.eu\/wp\/index.php?rest_route=%2Fwp%2Fv2%2Fcomments&post=931"}],"version-history":[{"count":3,"href":"https:\/\/tulitu.eu\/wp\/index.php?rest_route=\/wp\/v2\/posts\/931\/revisions"}],"predecessor-version":[{"id":945,"href":"https:\/\/tulitu.eu\/wp\/index.php?rest_route=\/wp\/v2\/posts\/931\/revisions\/945"}],"wp:attachment":[{"href":"https:\/\/tulitu.eu\/wp\/index.php?rest_route=%2Fwp%2Fv2%2Fmedia&parent=931"}],"wp:term":[{"taxonomy":"category","embeddable":true,"href":"https:\/\/tulitu.eu\/wp\/index.php?rest_route=%2Fwp%2Fv2%2Fcategories&post=931"},{"taxonomy":"post_tag","embeddable":true,"href":"https:\/\/tulitu.eu\/wp\/index.php?rest_route=%2Fwp%2Fv2%2Ftags&post=931"}],"curies":[{"name":"wp","href":"https:\/\/api.w.org\/{rel}","templated":true}]}}