{"id":906,"date":"2017-09-09T09:53:17","date_gmt":"2017-09-09T09:53:17","guid":{"rendered":"http:\/\/tulitu.eu\/wp\/?p=906"},"modified":"2017-09-12T14:10:55","modified_gmt":"2017-09-12T14:10:55","slug":"mercredi-27-septembre-de-18h-a-20h-vernissage-de-lexposition-des-planches-du-bedeiste-richard-vallerand","status":"publish","type":"post","link":"https:\/\/tulitu.eu\/wp\/?p=906","title":{"rendered":"Mercredi 27 septembre de 17h \u00e0 20h D\u00e9dicaces du b\u00e9d\u00e9iste Richard Vallerand et vernissage de l&#8217;exposition de ses planches"},"content":{"rendered":"<p><a href=\"http:\/\/tulitu.eu\/wp\/wp-content\/uploads\/2017\/09\/automnerouge.jpg\"><img loading=\"lazy\" decoding=\"async\" class=\"alignnone size-medium wp-image-911\" src=\"http:\/\/tulitu.eu\/wp\/wp-content\/uploads\/2017\/09\/automnerouge-225x300.jpg\" alt=\"automnerouge\" width=\"225\" height=\"300\" srcset=\"https:\/\/tulitu.eu\/wp\/wp-content\/uploads\/2017\/09\/automnerouge-225x300.jpg 225w, https:\/\/tulitu.eu\/wp\/wp-content\/uploads\/2017\/09\/automnerouge.jpg 720w\" sizes=\"auto, (max-width: 225px) 100vw, 225px\" \/><\/a><a href=\"http:\/\/tulitu.eu\/wp\/wp-content\/uploads\/2017\/09\/richardvallerand.jpg\"><img loading=\"lazy\" decoding=\"async\" class=\"alignnone size-full wp-image-910\" src=\"http:\/\/tulitu.eu\/wp\/wp-content\/uploads\/2017\/09\/richardvallerand.jpg\" alt=\"richardvallerand\" width=\"150\" height=\"200\" \/><\/a><\/p>\n<p>&nbsp;<\/p>\n<p><span class=\"_4n-j _fbReactionComponent__eventDetailsContentTags fsl\" data-testid=\"event-permalink-details\">Nous sommes heureuses d&#8217;accueillir le b\u00e9d\u00e9iste qu\u00e9b\u00e9cois Richard Vallerand, en r\u00e9sidence \u00e0 Bruxelles.<br \/>\nVenez d\u00e9couvrir, en sa pr\u00e9sence, quelques planches de sa BD &#8220;Automne rouge&#8221; publi\u00e9e aux <a href=\"https:\/\/www.facebook.com\/lapasteque\/\" data-hovercard=\"\/ajax\/hovercard\/page.php?id=182563645130569&amp;extragetparams=%7B%22directed_target_id%22%3A1713546512274817%7D\" data-hovercard-prefer-more-content-show=\"1\">\u00c9ditions de La Past\u00e8que<\/a>.<\/span><\/p>\n<p>Avec le soutien de la D\u00e9l\u00e9gation g\u00e9n\u00e9rale du Qu\u00e9bec \u00e0 Bruxelles.<\/p>\n","protected":false},"excerpt":{"rendered":"<p>&nbsp; Nous sommes heureuses d&#8217;accueillir le b\u00e9d\u00e9iste qu\u00e9b\u00e9cois Richard Vallerand, en r\u00e9sidence \u00e0 Bruxelles. Venez d\u00e9couvrir, en sa pr\u00e9sence, quelques planches de sa BD &#8220;Automne rouge&#8221; publi\u00e9e aux \u00c9ditions de La Past\u00e8que. Avec le soutien de la D\u00e9l\u00e9gation g\u00e9n\u00e9rale du Qu\u00e9bec \u00e0 Bruxelles.<\/p>\n","protected":false},"author":1,"featured_media":0,"comment_status":"closed","ping_status":"closed","sticky":false,"template":"","format":"standard","meta":{"footnotes":""},"categories":[2],"tags":[],"class_list":["post-906","post","type-post","status-publish","format-standard","hentry","category-agenda"],"_links":{"self":[{"href":"https:\/\/tulitu.eu\/wp\/index.php?rest_route=\/wp\/v2\/posts\/906","targetHints":{"allow":["GET"]}}],"collection":[{"href":"https:\/\/tulitu.eu\/wp\/index.php?rest_route=\/wp\/v2\/posts"}],"about":[{"href":"https:\/\/tulitu.eu\/wp\/index.php?rest_route=\/wp\/v2\/types\/post"}],"author":[{"embeddable":true,"href":"https:\/\/tulitu.eu\/wp\/index.php?rest_route=\/wp\/v2\/users\/1"}],"replies":[{"embeddable":true,"href":"https:\/\/tulitu.eu\/wp\/index.php?rest_route=%2Fwp%2Fv2%2Fcomments&post=906"}],"version-history":[{"count":4,"href":"https:\/\/tulitu.eu\/wp\/index.php?rest_route=\/wp\/v2\/posts\/906\/revisions"}],"predecessor-version":[{"id":920,"href":"https:\/\/tulitu.eu\/wp\/index.php?rest_route=\/wp\/v2\/posts\/906\/revisions\/920"}],"wp:attachment":[{"href":"https:\/\/tulitu.eu\/wp\/index.php?rest_route=%2Fwp%2Fv2%2Fmedia&parent=906"}],"wp:term":[{"taxonomy":"category","embeddable":true,"href":"https:\/\/tulitu.eu\/wp\/index.php?rest_route=%2Fwp%2Fv2%2Fcategories&post=906"},{"taxonomy":"post_tag","embeddable":true,"href":"https:\/\/tulitu.eu\/wp\/index.php?rest_route=%2Fwp%2Fv2%2Ftags&post=906"}],"curies":[{"name":"wp","href":"https:\/\/api.w.org\/{rel}","templated":true}]}}