{"id":783,"date":"2017-03-31T18:00:33","date_gmt":"2017-03-31T18:00:33","guid":{"rendered":"http:\/\/tulitu.eu\/wp\/?p=783"},"modified":"2017-03-31T18:00:33","modified_gmt":"2017-03-31T18:00:33","slug":"mercredi-5-avril-a-19h-rencontre-avec-dominique-van-cappellen-waldock","status":"publish","type":"post","link":"https:\/\/tulitu.eu\/wp\/?p=783","title":{"rendered":"Mercredi 5 avril \u00e0 19h Rencontre avec Dominique Van Cappellen-Waldock"},"content":{"rendered":"<p><a href=\"http:\/\/tulitu.eu\/wp\/wp-content\/uploads\/2017\/03\/vancap.jpg\"><img loading=\"lazy\" decoding=\"async\" class=\"alignnone size-medium wp-image-784\" src=\"http:\/\/tulitu.eu\/wp\/wp-content\/uploads\/2017\/03\/vancap-300x200.jpg\" alt=\"vancap\" width=\"300\" height=\"200\" srcset=\"https:\/\/tulitu.eu\/wp\/wp-content\/uploads\/2017\/03\/vancap-300x200.jpg 300w, https:\/\/tulitu.eu\/wp\/wp-content\/uploads\/2017\/03\/vancap-1024x683.jpg 1024w, https:\/\/tulitu.eu\/wp\/wp-content\/uploads\/2017\/03\/vancap.jpg 1299w\" sizes=\"auto, (max-width: 300px) 100vw, 300px\" \/><\/a><\/p>\n<p><span class=\"_4n-j _3cht fsl\" data-testid=\"event-permalink-details\">Baby Fire allie \u00e0 l&#8217;intensit\u00e9 du post-punk, une d\u00e9licatesse toute f\u00e9minine. Les cordes sont rugueuses, les m\u00e9lodies accrochent, les voix enflamment et fascinent.<br \/>\nGold, le 3\u00e8me album du groupe a \u00e9t\u00e9 produit par Pierre Vervloesem (dEUS, Flat Earth Society\u2026) et est sorti en octobre 2016 chez Off Records.<br \/>\nDominique Van Cappellen-Waldock, la songwriter du groupe, viendra parler des livres qui ont influenc\u00e9 son \u00e9criture et proposera un court set en solo.<\/span><\/p>\n<p>Elle nous parlera de :<br \/>\n&#8211; Po\u00e9sie Art de l&#8217;insurrection, Lawrence Ferlinghetti<br \/>\n&#8211; Ecrit sur le Corps, Jeanette Winterson<br \/>\n&#8211; Les Vagues, Virginia Wolf<br \/>\n&#8211; L&#8217;Affam\u00e9e, Violette Leduc<\/p>\n","protected":false},"excerpt":{"rendered":"<p>Baby Fire allie \u00e0 l&#8217;intensit\u00e9 du post-punk, une d\u00e9licatesse toute f\u00e9minine. Les cordes sont rugueuses, les m\u00e9lodies accrochent, les voix enflamment et fascinent. Gold, le 3\u00e8me album du groupe a \u00e9t\u00e9 produit par Pierre Vervloesem (dEUS, Flat Earth Society\u2026) et est sorti en octobre 2016 chez Off Records. Dominique Van Cappellen-Waldock, la songwriter du groupe, &hellip; <a href=\"https:\/\/tulitu.eu\/wp\/?p=783\" class=\"more-link\">Continue reading <span class=\"screen-reader-text\">Mercredi 5 avril \u00e0 19h Rencontre avec Dominique Van Cappellen-Waldock<\/span> <span class=\"meta-nav\">&rarr;<\/span><\/a><\/p>\n","protected":false},"author":1,"featured_media":0,"comment_status":"closed","ping_status":"closed","sticky":false,"template":"","format":"standard","meta":{"footnotes":""},"categories":[2],"tags":[],"class_list":["post-783","post","type-post","status-publish","format-standard","hentry","category-agenda"],"_links":{"self":[{"href":"https:\/\/tulitu.eu\/wp\/index.php?rest_route=\/wp\/v2\/posts\/783","targetHints":{"allow":["GET"]}}],"collection":[{"href":"https:\/\/tulitu.eu\/wp\/index.php?rest_route=\/wp\/v2\/posts"}],"about":[{"href":"https:\/\/tulitu.eu\/wp\/index.php?rest_route=\/wp\/v2\/types\/post"}],"author":[{"embeddable":true,"href":"https:\/\/tulitu.eu\/wp\/index.php?rest_route=\/wp\/v2\/users\/1"}],"replies":[{"embeddable":true,"href":"https:\/\/tulitu.eu\/wp\/index.php?rest_route=%2Fwp%2Fv2%2Fcomments&post=783"}],"version-history":[{"count":3,"href":"https:\/\/tulitu.eu\/wp\/index.php?rest_route=\/wp\/v2\/posts\/783\/revisions"}],"predecessor-version":[{"id":787,"href":"https:\/\/tulitu.eu\/wp\/index.php?rest_route=\/wp\/v2\/posts\/783\/revisions\/787"}],"wp:attachment":[{"href":"https:\/\/tulitu.eu\/wp\/index.php?rest_route=%2Fwp%2Fv2%2Fmedia&parent=783"}],"wp:term":[{"taxonomy":"category","embeddable":true,"href":"https:\/\/tulitu.eu\/wp\/index.php?rest_route=%2Fwp%2Fv2%2Fcategories&post=783"},{"taxonomy":"post_tag","embeddable":true,"href":"https:\/\/tulitu.eu\/wp\/index.php?rest_route=%2Fwp%2Fv2%2Ftags&post=783"}],"curies":[{"name":"wp","href":"https:\/\/api.w.org\/{rel}","templated":true}]}}