{"id":706,"date":"2016-12-27T14:10:44","date_gmt":"2016-12-27T14:10:44","guid":{"rendered":"http:\/\/tulitu.eu\/wp\/?p=706"},"modified":"2016-12-27T14:10:44","modified_gmt":"2016-12-27T14:10:44","slug":"mercredi-11-janvier-a-18h30-lancement-du-numero-hors-serie-daxelle-magazine","status":"publish","type":"post","link":"https:\/\/tulitu.eu\/wp\/?p=706","title":{"rendered":"Mercredi 11 janvier \u00e0 18h30 &#8211; Lancement du num\u00e9ro hors-s\u00e9rie d&#8217;axelle Magazine"},"content":{"rendered":"<p><a href=\"http:\/\/tulitu.eu\/wp\/wp-content\/uploads\/2016\/12\/axelle.jpg\"><img loading=\"lazy\" decoding=\"async\" class=\"alignnone size-medium wp-image-707\" src=\"http:\/\/tulitu.eu\/wp\/wp-content\/uploads\/2016\/12\/axelle-231x300.jpg\" alt=\"axelle\" width=\"231\" height=\"300\" srcset=\"https:\/\/tulitu.eu\/wp\/wp-content\/uploads\/2016\/12\/axelle-231x300.jpg 231w, https:\/\/tulitu.eu\/wp\/wp-content\/uploads\/2016\/12\/axelle.jpg 667w\" sizes=\"auto, (max-width: 231px) 100vw, 231px\" \/><\/a><\/p>\n<p><span class=\"_4n-j _3cht fsl\"><a href=\"https:\/\/www.facebook.com\/axellemagazine\/\" data-hovercard=\"\/ajax\/hovercard\/page.php?id=727308383981096&amp;extragetparams=%7B%22directed_target_id%22%3A1279136095478198%7D\" data-hovercard-prefer-more-content-show=\"1\">axelle magazine<\/a> est un magazine f\u00e9ministe r\u00e9alis\u00e9 par des journalistes ind\u00e9pendant\u2022es et \u00e9dit\u00e9 par l\u2019asbl Vie F\u00e9minine.<\/p>\n<p>\u00c0 l\u2019occasion de la sortie du hors-s\u00e9rie hiver \u00ab Le soin aux autres : une histoire de femmes \u00bb, nous vous invitons \u00e0 venir rencontrer l\u2019\u00e9quipe du magazine et \u00e0 d\u00e9battre ensemble de ces diff\u00e9rents paradoxes :<br \/>\n\u2022 Les femmes repr\u00e9sentent la moiti\u00e9 de la population\u2026 Mais dans notre pays, comme ailleurs dans le monde, elles disparaissent de l\u2019information g\u00e9n\u00e9rale &#8211; les chiffres de l\u2019Association des Journalistes Professionnels sont \u00e9loquents : l\u2019actualit\u00e9 m\u00e9diatique est deux fois plus masculine que f\u00e9minine. Alors, comment raconter les histoires des femmes ? Et comment faire en sorte qu&#8217;elles fassent int\u00e9gralement partie de l\u2019information g\u00e9n\u00e9rale ?<br \/>\n\u2022 Prendre \u00ab soin \u00bb, s\u2019occuper des autres, c\u2019est l\u2019essence m\u00eame de toute relation humaine, c\u2019est la fondation de notre maison commune. Or tout le monde s\u2019en fiche &#8211; tout le monde ou presque. Et ce sont surtout les femmes qui assument, souvent dans l\u2019invisibilit\u00e9, les t\u00e2ches de soin : dans leur m\u00e9tier, dans leur famille ou dans leur entourage. <\/span><\/p>\n<p><span class=\"_4n-j _3cht fsl\">Pour ce hors-s\u00e9rie, axelle a souhait\u00e9 mettre en lumi\u00e8re toutes ces femmes, en les \u00e9coutant, en passant du temps avec elles, en leur laissant la parole.<\/span><\/p>\n","protected":false},"excerpt":{"rendered":"<p>axelle magazine est un magazine f\u00e9ministe r\u00e9alis\u00e9 par des journalistes ind\u00e9pendant\u2022es et \u00e9dit\u00e9 par l\u2019asbl Vie F\u00e9minine. \u00c0 l\u2019occasion de la sortie du hors-s\u00e9rie hiver \u00ab Le soin aux autres : une histoire de femmes \u00bb, nous vous invitons \u00e0 venir rencontrer l\u2019\u00e9quipe du magazine et \u00e0 d\u00e9battre ensemble de ces diff\u00e9rents paradoxes : \u2022 &hellip; <a href=\"https:\/\/tulitu.eu\/wp\/?p=706\" class=\"more-link\">Continue reading <span class=\"screen-reader-text\">Mercredi 11 janvier \u00e0 18h30 &#8211; Lancement du num\u00e9ro hors-s\u00e9rie d&#8217;axelle Magazine<\/span> <span class=\"meta-nav\">&rarr;<\/span><\/a><\/p>\n","protected":false},"author":1,"featured_media":0,"comment_status":"open","ping_status":"open","sticky":false,"template":"","format":"standard","meta":{"footnotes":""},"categories":[2],"tags":[],"class_list":["post-706","post","type-post","status-publish","format-standard","hentry","category-agenda"],"_links":{"self":[{"href":"https:\/\/tulitu.eu\/wp\/index.php?rest_route=\/wp\/v2\/posts\/706","targetHints":{"allow":["GET"]}}],"collection":[{"href":"https:\/\/tulitu.eu\/wp\/index.php?rest_route=\/wp\/v2\/posts"}],"about":[{"href":"https:\/\/tulitu.eu\/wp\/index.php?rest_route=\/wp\/v2\/types\/post"}],"author":[{"embeddable":true,"href":"https:\/\/tulitu.eu\/wp\/index.php?rest_route=\/wp\/v2\/users\/1"}],"replies":[{"embeddable":true,"href":"https:\/\/tulitu.eu\/wp\/index.php?rest_route=%2Fwp%2Fv2%2Fcomments&post=706"}],"version-history":[{"count":1,"href":"https:\/\/tulitu.eu\/wp\/index.php?rest_route=\/wp\/v2\/posts\/706\/revisions"}],"predecessor-version":[{"id":708,"href":"https:\/\/tulitu.eu\/wp\/index.php?rest_route=\/wp\/v2\/posts\/706\/revisions\/708"}],"wp:attachment":[{"href":"https:\/\/tulitu.eu\/wp\/index.php?rest_route=%2Fwp%2Fv2%2Fmedia&parent=706"}],"wp:term":[{"taxonomy":"category","embeddable":true,"href":"https:\/\/tulitu.eu\/wp\/index.php?rest_route=%2Fwp%2Fv2%2Fcategories&post=706"},{"taxonomy":"post_tag","embeddable":true,"href":"https:\/\/tulitu.eu\/wp\/index.php?rest_route=%2Fwp%2Fv2%2Ftags&post=706"}],"curies":[{"name":"wp","href":"https:\/\/api.w.org\/{rel}","templated":true}]}}