{"id":696,"date":"2016-11-20T14:25:44","date_gmt":"2016-11-20T14:25:44","guid":{"rendered":"http:\/\/tulitu.eu\/wp\/?p=696"},"modified":"2016-11-20T14:25:44","modified_gmt":"2016-11-20T14:25:44","slug":"mardi-13-decembre-a-19h-presentation-de-louvrage-architectures-wallonie-bruxelles","status":"publish","type":"post","link":"https:\/\/tulitu.eu\/wp\/?p=696","title":{"rendered":"Mardi 13 d\u00e9cembre \u00e0 19h Pr\u00e9sentation de l&#8217;ouvrage Architectures Wallonie-Bruxelles"},"content":{"rendered":"<p><a href=\"http:\/\/tulitu.eu\/wp\/wp-content\/uploads\/2016\/11\/inventairearchi.jpg\"><img loading=\"lazy\" decoding=\"async\" class=\"alignnone size-medium wp-image-697\" src=\"http:\/\/tulitu.eu\/wp\/wp-content\/uploads\/2016\/11\/inventairearchi-225x300.jpg\" alt=\"inventairearchi\" width=\"225\" height=\"300\" srcset=\"https:\/\/tulitu.eu\/wp\/wp-content\/uploads\/2016\/11\/inventairearchi-225x300.jpg 225w, https:\/\/tulitu.eu\/wp\/wp-content\/uploads\/2016\/11\/inventairearchi.jpg 720w\" sizes=\"auto, (max-width: 225px) 100vw, 225px\" \/><\/a><\/p>\n<p>Outils de faire-savoir de la cr\u00e9ation architecturale belge francophone \u00e0 l\u2019\u00e9tranger, les &#8220;Inventaires&#8221; dressent tous les trois ans un portrait de l\u2019architecture r\u00e9cente en Wallonie et \u00e0 Bruxelles. Plac\u00e9 sous la direction \u00e9ditoriale de <a class=\"profileLink\" href=\"https:\/\/www.facebook.com\/xavier.lelion\" data-hovercard=\"\/ajax\/hovercard\/user.php?id=738374758&amp;extragetparams=%7B%22directed_target_id%22%3A1011856675590172%7D\" data-hovercard-prefer-more-content-show=\"1\">Xavier Lelion<\/a> et Anne Sophie Nottebaert, ce nouveau volume identifie 152 projets, dont 28 sont trait\u00e9s par la bande dessin\u00e9e, l\u2019\u00e9criture et la photographie. Participez \u00e0 la pr\u00e9sentation du livre !<br \/>\nUn \u00e9v\u00e9nement en partenariat avec la Cellule architecture de la F\u00e9d\u00e9ration Wallonie-Bruxelles.<\/p>\n<p><a href=\"http:\/\/www.infrastructures.cfwb.be\/index.php?id=589\">http:\/\/www.infrastructures.cfwb.be\/index.php?id=589<\/a><\/p>\n","protected":false},"excerpt":{"rendered":"<p>Outils de faire-savoir de la cr\u00e9ation architecturale belge francophone \u00e0 l\u2019\u00e9tranger, les &#8220;Inventaires&#8221; dressent tous les trois ans un portrait de l\u2019architecture r\u00e9cente en Wallonie et \u00e0 Bruxelles. Plac\u00e9 sous la direction \u00e9ditoriale de Xavier Lelion et Anne Sophie Nottebaert, ce nouveau volume identifie 152 projets, dont 28 sont trait\u00e9s par la bande dessin\u00e9e, l\u2019\u00e9criture &hellip; <a href=\"https:\/\/tulitu.eu\/wp\/?p=696\" class=\"more-link\">Continue reading <span class=\"screen-reader-text\">Mardi 13 d\u00e9cembre \u00e0 19h Pr\u00e9sentation de l&#8217;ouvrage Architectures Wallonie-Bruxelles<\/span> <span class=\"meta-nav\">&rarr;<\/span><\/a><\/p>\n","protected":false},"author":1,"featured_media":0,"comment_status":"open","ping_status":"open","sticky":false,"template":"","format":"standard","meta":{"footnotes":""},"categories":[2],"tags":[],"class_list":["post-696","post","type-post","status-publish","format-standard","hentry","category-agenda"],"_links":{"self":[{"href":"https:\/\/tulitu.eu\/wp\/index.php?rest_route=\/wp\/v2\/posts\/696","targetHints":{"allow":["GET"]}}],"collection":[{"href":"https:\/\/tulitu.eu\/wp\/index.php?rest_route=\/wp\/v2\/posts"}],"about":[{"href":"https:\/\/tulitu.eu\/wp\/index.php?rest_route=\/wp\/v2\/types\/post"}],"author":[{"embeddable":true,"href":"https:\/\/tulitu.eu\/wp\/index.php?rest_route=\/wp\/v2\/users\/1"}],"replies":[{"embeddable":true,"href":"https:\/\/tulitu.eu\/wp\/index.php?rest_route=%2Fwp%2Fv2%2Fcomments&post=696"}],"version-history":[{"count":2,"href":"https:\/\/tulitu.eu\/wp\/index.php?rest_route=\/wp\/v2\/posts\/696\/revisions"}],"predecessor-version":[{"id":699,"href":"https:\/\/tulitu.eu\/wp\/index.php?rest_route=\/wp\/v2\/posts\/696\/revisions\/699"}],"wp:attachment":[{"href":"https:\/\/tulitu.eu\/wp\/index.php?rest_route=%2Fwp%2Fv2%2Fmedia&parent=696"}],"wp:term":[{"taxonomy":"category","embeddable":true,"href":"https:\/\/tulitu.eu\/wp\/index.php?rest_route=%2Fwp%2Fv2%2Fcategories&post=696"},{"taxonomy":"post_tag","embeddable":true,"href":"https:\/\/tulitu.eu\/wp\/index.php?rest_route=%2Fwp%2Fv2%2Ftags&post=696"}],"curies":[{"name":"wp","href":"https:\/\/api.w.org\/{rel}","templated":true}]}}