{"id":687,"date":"2016-11-20T13:55:36","date_gmt":"2016-11-20T13:55:36","guid":{"rendered":"http:\/\/tulitu.eu\/wp\/?p=687"},"modified":"2016-11-20T13:59:33","modified_gmt":"2016-11-20T13:59:33","slug":"mercredi-7-decembre-a-11h-albin-de-la-simone-en-signature","status":"publish","type":"post","link":"https:\/\/tulitu.eu\/wp\/?p=687","title":{"rendered":"Mercredi 7 d\u00e9cembre \u00e0 11h &#8211; Albin de la Simone en signature"},"content":{"rendered":"<p><a href=\"http:\/\/tulitu.eu\/wp\/wp-content\/uploads\/2016\/11\/albin3.jpg\"><img loading=\"lazy\" decoding=\"async\" class=\"alignnone size-medium wp-image-689\" src=\"http:\/\/tulitu.eu\/wp\/wp-content\/uploads\/2016\/11\/albin3-300x139.jpg\" alt=\"albin3\" width=\"300\" height=\"139\" srcset=\"https:\/\/tulitu.eu\/wp\/wp-content\/uploads\/2016\/11\/albin3-300x139.jpg 300w, https:\/\/tulitu.eu\/wp\/wp-content\/uploads\/2016\/11\/albin3-1024x473.jpg 1024w, https:\/\/tulitu.eu\/wp\/wp-content\/uploads\/2016\/11\/albin3.jpg 1300w\" sizes=\"auto, (max-width: 300px) 100vw, 300px\" \/><\/a><a href=\"http:\/\/tulitu.eu\/wp\/wp-content\/uploads\/2016\/11\/albin2.jpg\"><img loading=\"lazy\" decoding=\"async\" class=\"alignnone size-medium wp-image-688\" src=\"http:\/\/tulitu.eu\/wp\/wp-content\/uploads\/2016\/11\/albin2-300x225.jpg\" alt=\"albin2\" width=\"300\" height=\"225\" srcset=\"https:\/\/tulitu.eu\/wp\/wp-content\/uploads\/2016\/11\/albin2-300x225.jpg 300w, https:\/\/tulitu.eu\/wp\/wp-content\/uploads\/2016\/11\/albin2.jpg 960w\" sizes=\"auto, (max-width: 300px) 100vw, 300px\" \/><\/a><\/p>\n<p>L&#8217;auteur, compositeur et musicien <span class=\"_4n-j fsl\"><a href=\"https:\/\/www.facebook.com\/albindelasimone\/\" data-hovercard=\"\/ajax\/hovercard\/page.php?id=34713300200&amp;extragetparams=%7B%22directed_target_id%22%3A201401016980447%7D\" data-hovercard-prefer-more-content-show=\"1\">Albin de la Simone<\/a> est de passage \u00e0 Bruxelles pour pr\u00e9senter son nouvel album.<\/span><\/p>\n<p>Alors on en a profit\u00e9 pour l&#8217;inviter chez TULITU pour parler de deux albums jeunesse auxquels il a particip\u00e9 et qu&#8217;on adore :<br \/>\n&#8211; Georgia, livre CD jeunesse de Timoth\u00e9e de Fombelle et l&#8217;ensemble Contraste, illustr\u00e9 par Benjamin Chaud et avec plein d&#8217;autres chanteurs dont <a href=\"https:\/\/www.facebook.com\/pages\/Ariane-Moffatt\/113605955316467\" data-hovercard=\"\/ajax\/hovercard\/page.php?id=113605955316467&amp;extragetparams=%7B%22directed_target_id%22%3A201401016980447%7D\" data-hovercard-prefer-more-content-show=\"1\">Ariane Moffatt<\/a>,Pauline Krose et Alain Chamfort (<a href=\"https:\/\/www.facebook.com\/GallimardJeunesse\/\" data-hovercard=\"\/ajax\/hovercard\/page.php?id=168427413186598&amp;extragetparams=%7B%22directed_target_id%22%3A201401016980447%7D\" data-hovercard-prefer-more-content-show=\"1\">Gallimard Jeunesse<\/a>).<br \/>\n&#8211; La guitare dans la vitrine, livre CD jeunesse d&#8217;Olivier Libaux illustr\u00e9 par Jean-Francois Martin, avec M\u00e9lanie Pain (<a href=\"https:\/\/www.facebook.com\/actessudjunior\/\" data-hovercard=\"\/ajax\/hovercard\/page.php?id=145313388854537&amp;extragetparams=%7B%22directed_target_id%22%3A201401016980447%7D\" data-hovercard-prefer-more-content-show=\"1\">ACTES SUD junior<\/a>)<\/p>\n<p>Dans Georgia, Albin joue et chante Sam, le violoniste qui vit derri\u00e8re un mur de cent ans d&#8217;\u00e9paisseur. Dans La guitare dans la virtrine, il joue et chante Zack, le guitariste chanteur.<\/p>\n","protected":false},"excerpt":{"rendered":"<p>L&#8217;auteur, compositeur et musicien Albin de la Simone est de passage \u00e0 Bruxelles pour pr\u00e9senter son nouvel album. Alors on en a profit\u00e9 pour l&#8217;inviter chez TULITU pour parler de deux albums jeunesse auxquels il a particip\u00e9 et qu&#8217;on adore : &#8211; Georgia, livre CD jeunesse de Timoth\u00e9e de Fombelle et l&#8217;ensemble Contraste, illustr\u00e9 par &hellip; <a href=\"https:\/\/tulitu.eu\/wp\/?p=687\" class=\"more-link\">Continue reading <span class=\"screen-reader-text\">Mercredi 7 d\u00e9cembre \u00e0 11h &#8211; Albin de la Simone en signature<\/span> <span class=\"meta-nav\">&rarr;<\/span><\/a><\/p>\n","protected":false},"author":1,"featured_media":0,"comment_status":"open","ping_status":"open","sticky":false,"template":"","format":"standard","meta":{"footnotes":""},"categories":[2],"tags":[],"class_list":["post-687","post","type-post","status-publish","format-standard","hentry","category-agenda"],"_links":{"self":[{"href":"https:\/\/tulitu.eu\/wp\/index.php?rest_route=\/wp\/v2\/posts\/687","targetHints":{"allow":["GET"]}}],"collection":[{"href":"https:\/\/tulitu.eu\/wp\/index.php?rest_route=\/wp\/v2\/posts"}],"about":[{"href":"https:\/\/tulitu.eu\/wp\/index.php?rest_route=\/wp\/v2\/types\/post"}],"author":[{"embeddable":true,"href":"https:\/\/tulitu.eu\/wp\/index.php?rest_route=\/wp\/v2\/users\/1"}],"replies":[{"embeddable":true,"href":"https:\/\/tulitu.eu\/wp\/index.php?rest_route=%2Fwp%2Fv2%2Fcomments&post=687"}],"version-history":[{"count":3,"href":"https:\/\/tulitu.eu\/wp\/index.php?rest_route=\/wp\/v2\/posts\/687\/revisions"}],"predecessor-version":[{"id":692,"href":"https:\/\/tulitu.eu\/wp\/index.php?rest_route=\/wp\/v2\/posts\/687\/revisions\/692"}],"wp:attachment":[{"href":"https:\/\/tulitu.eu\/wp\/index.php?rest_route=%2Fwp%2Fv2%2Fmedia&parent=687"}],"wp:term":[{"taxonomy":"category","embeddable":true,"href":"https:\/\/tulitu.eu\/wp\/index.php?rest_route=%2Fwp%2Fv2%2Fcategories&post=687"},{"taxonomy":"post_tag","embeddable":true,"href":"https:\/\/tulitu.eu\/wp\/index.php?rest_route=%2Fwp%2Fv2%2Ftags&post=687"}],"curies":[{"name":"wp","href":"https:\/\/api.w.org\/{rel}","templated":true}]}}