{"id":68,"date":"2015-03-20T12:05:28","date_gmt":"2015-03-20T12:05:28","guid":{"rendered":"http:\/\/tulitu.eu\/wp\/?p=68"},"modified":"2015-03-20T12:05:28","modified_gmt":"2015-03-20T12:05:28","slug":"lancement-du-livre-de-deni-bechard-des-bonobos-et-des-hommes-voyage-au-coeur-du-congo","status":"publish","type":"post","link":"https:\/\/tulitu.eu\/wp\/?p=68","title":{"rendered":"Lancement du livre de Deni B\u00e9chard &#8220;Des bonobos et des Hommes. Voyage au coeur du Congo.&#8221;"},"content":{"rendered":"<p><a href=\"http:\/\/tulitu.eu\/wp\/wp-content\/uploads\/2015\/03\/C1_Bonobos.jpg\"><img loading=\"lazy\" decoding=\"async\" class=\"alignnone size-medium wp-image-70\" src=\"http:\/\/tulitu.eu\/wp\/wp-content\/uploads\/2015\/03\/C1_Bonobos-185x300.jpg\" alt=\"C1_Bonobos\" width=\"185\" height=\"300\" srcset=\"https:\/\/tulitu.eu\/wp\/wp-content\/uploads\/2015\/03\/C1_Bonobos-185x300.jpg 185w, https:\/\/tulitu.eu\/wp\/wp-content\/uploads\/2015\/03\/C1_Bonobos-632x1024.jpg 632w, https:\/\/tulitu.eu\/wp\/wp-content\/uploads\/2015\/03\/C1_Bonobos.jpg 787w\" sizes=\"auto, (max-width: 185px) 100vw, 185px\" \/><\/a><\/p>\n<p>Le 24 f\u00e9vrier, TULITU a accueilli le lancement-causerie du dernier livre de Deni B\u00e9chard &#8220;Des bonobos et des Hommes. Voyage au Coeur du Congo&#8221; publi\u00e9 aux \u00e9ditions \u00c9cosoci\u00e9t\u00e9.<\/p>\n<p>\u00c9crivain et reporter ind\u00e9pendant, Deni B\u00e9chard a grandi entre le Canada et les \u00c9tats-Unis.<\/p>\n<p>Emmanuel Kherad, la voix de la librairie francophone,\u00a0 a anim\u00e9 la causerie.<\/p>\n<p><a href=\"http:\/\/tulitu.eu\/wp\/wp-content\/uploads\/2015\/03\/1010226_1621197788112218_1078264618203249715_n1.jpg\"><img loading=\"lazy\" decoding=\"async\" class=\"alignnone size-medium wp-image-76\" src=\"http:\/\/tulitu.eu\/wp\/wp-content\/uploads\/2015\/03\/1010226_1621197788112218_1078264618203249715_n1-300x225.jpg\" alt=\"1010226_1621197788112218_1078264618203249715_n\" width=\"300\" height=\"225\" srcset=\"https:\/\/tulitu.eu\/wp\/wp-content\/uploads\/2015\/03\/1010226_1621197788112218_1078264618203249715_n1-300x225.jpg 300w, https:\/\/tulitu.eu\/wp\/wp-content\/uploads\/2015\/03\/1010226_1621197788112218_1078264618203249715_n1.jpg 960w\" sizes=\"auto, (max-width: 300px) 100vw, 300px\" \/><\/a><\/p>\n<p>Ce fut l&#8217;occasion de d\u00e9couvrir une autre approche du Congo. Le charismatique Deni B\u00e9chard a racont\u00e9 cette enqu\u00eate profond\u00e9ment humaine, ce r\u00e9cit passionn\u00e9 en pleine for\u00eat \u00e9quatoriale du Congo, deuxi\u00e8me poumon de la plan\u00e8te, o\u00f9 vivent les bonobos, ces grands singes fascinants qui ne connaissent pas la violence. Cet ouvrage positif relate le travail n\u00e9cessaire et immense de l\u2019ONG Bonobo Conservative Initiative qui consiste \u00e0 leur \u00e9tablir une r\u00e9serve durable tout en respectant le mode de vie et les besoins des congolais.<\/p>\n<p>Cette causerie inaugurait le s\u00e9jour belge de Deni B\u00e9chard \u00e0 l\u2019occasion de la Foire du livre de Bruxelles.<\/p>\n","protected":false},"excerpt":{"rendered":"<p>Le 24 f\u00e9vrier, TULITU a accueilli le lancement-causerie du dernier livre de Deni B\u00e9chard &#8220;Des bonobos et des Hommes. Voyage au Coeur du Congo&#8221; publi\u00e9 aux \u00e9ditions \u00c9cosoci\u00e9t\u00e9. \u00c9crivain et reporter ind\u00e9pendant, Deni B\u00e9chard a grandi entre le Canada et les \u00c9tats-Unis. Emmanuel Kherad, la voix de la librairie francophone,\u00a0 a anim\u00e9 la causerie. Ce &hellip; <a href=\"https:\/\/tulitu.eu\/wp\/?p=68\" class=\"more-link\">Continue reading <span class=\"screen-reader-text\">Lancement du livre de Deni B\u00e9chard &#8220;Des bonobos et des Hommes. Voyage au coeur du Congo.&#8221;<\/span> <span class=\"meta-nav\">&rarr;<\/span><\/a><\/p>\n","protected":false},"author":1,"featured_media":0,"comment_status":"open","ping_status":"open","sticky":false,"template":"","format":"standard","meta":{"footnotes":""},"categories":[2],"tags":[],"class_list":["post-68","post","type-post","status-publish","format-standard","hentry","category-agenda"],"_links":{"self":[{"href":"https:\/\/tulitu.eu\/wp\/index.php?rest_route=\/wp\/v2\/posts\/68","targetHints":{"allow":["GET"]}}],"collection":[{"href":"https:\/\/tulitu.eu\/wp\/index.php?rest_route=\/wp\/v2\/posts"}],"about":[{"href":"https:\/\/tulitu.eu\/wp\/index.php?rest_route=\/wp\/v2\/types\/post"}],"author":[{"embeddable":true,"href":"https:\/\/tulitu.eu\/wp\/index.php?rest_route=\/wp\/v2\/users\/1"}],"replies":[{"embeddable":true,"href":"https:\/\/tulitu.eu\/wp\/index.php?rest_route=%2Fwp%2Fv2%2Fcomments&post=68"}],"version-history":[{"count":4,"href":"https:\/\/tulitu.eu\/wp\/index.php?rest_route=\/wp\/v2\/posts\/68\/revisions"}],"predecessor-version":[{"id":83,"href":"https:\/\/tulitu.eu\/wp\/index.php?rest_route=\/wp\/v2\/posts\/68\/revisions\/83"}],"wp:attachment":[{"href":"https:\/\/tulitu.eu\/wp\/index.php?rest_route=%2Fwp%2Fv2%2Fmedia&parent=68"}],"wp:term":[{"taxonomy":"category","embeddable":true,"href":"https:\/\/tulitu.eu\/wp\/index.php?rest_route=%2Fwp%2Fv2%2Fcategories&post=68"},{"taxonomy":"post_tag","embeddable":true,"href":"https:\/\/tulitu.eu\/wp\/index.php?rest_route=%2Fwp%2Fv2%2Ftags&post=68"}],"curies":[{"name":"wp","href":"https:\/\/api.w.org\/{rel}","templated":true}]}}