{"id":671,"date":"2016-11-01T16:20:52","date_gmt":"2016-11-01T16:20:52","guid":{"rendered":"http:\/\/tulitu.eu\/wp\/?p=671"},"modified":"2016-11-01T16:20:52","modified_gmt":"2016-11-01T16:20:52","slug":"mercredi-30-novembre-a-19h-rencontre-avec-lauteur-kenan-gorgun","status":"publish","type":"post","link":"https:\/\/tulitu.eu\/wp\/?p=671","title":{"rendered":"Mercredi 30 novembre \u00e0 19h &#8211; Rencontre avec l\u2019auteur Kenan Gorg\u00fcn"},"content":{"rendered":"<p><a href=\"http:\/\/tulitu.eu\/wp\/wp-content\/uploads\/2016\/11\/kenan2.jpg\"><img loading=\"lazy\" decoding=\"async\" class=\"alignnone size-medium wp-image-674\" src=\"http:\/\/tulitu.eu\/wp\/wp-content\/uploads\/2016\/11\/kenan2-225x300.jpg\" alt=\"kenan\" width=\"225\" height=\"300\" srcset=\"https:\/\/tulitu.eu\/wp\/wp-content\/uploads\/2016\/11\/kenan2-225x300.jpg 225w, https:\/\/tulitu.eu\/wp\/wp-content\/uploads\/2016\/11\/kenan2.jpg 720w\" sizes=\"auto, (max-width: 225px) 100vw, 225px\" \/><\/a><a href=\"http:\/\/tulitu.eu\/wp\/wp-content\/uploads\/2016\/11\/kenan1.jpg\"><img loading=\"lazy\" decoding=\"async\" class=\"alignnone size-medium wp-image-673\" src=\"http:\/\/tulitu.eu\/wp\/wp-content\/uploads\/2016\/11\/kenan1-300x200.jpg\" alt=\"kenan1\" width=\"300\" height=\"200\" srcset=\"https:\/\/tulitu.eu\/wp\/wp-content\/uploads\/2016\/11\/kenan1-300x200.jpg 300w, https:\/\/tulitu.eu\/wp\/wp-content\/uploads\/2016\/11\/kenan1.jpg 750w\" sizes=\"auto, (max-width: 300px) 100vw, 300px\" \/><\/a><\/p>\n<p><span class=\"_4n-j fsl\">Rencontre avec Kenan Gorg\u00fcn \u00e0 l&#8217;occasion de la parution de son recueil de nouvelles &#8220;D\u00e9tecteur de mes songes&#8221; paru chez <a href=\"https:\/\/www.facebook.com\/Quadrature-103139646422539\/\" data-hovercard=\"\/ajax\/hovercard\/page.php?id=103139646422539&amp;extragetparams=%7B%22directed_target_id%22%3A317180478657565%7D\">Quadrature<\/a>.<\/span><\/p>\n","protected":false},"excerpt":{"rendered":"<p>Rencontre avec Kenan Gorg\u00fcn \u00e0 l&#8217;occasion de la parution de son recueil de nouvelles &#8220;D\u00e9tecteur de mes songes&#8221; paru chez Quadrature.<\/p>\n","protected":false},"author":1,"featured_media":0,"comment_status":"open","ping_status":"open","sticky":false,"template":"","format":"standard","meta":{"footnotes":""},"categories":[2],"tags":[],"class_list":["post-671","post","type-post","status-publish","format-standard","hentry","category-agenda"],"_links":{"self":[{"href":"https:\/\/tulitu.eu\/wp\/index.php?rest_route=\/wp\/v2\/posts\/671","targetHints":{"allow":["GET"]}}],"collection":[{"href":"https:\/\/tulitu.eu\/wp\/index.php?rest_route=\/wp\/v2\/posts"}],"about":[{"href":"https:\/\/tulitu.eu\/wp\/index.php?rest_route=\/wp\/v2\/types\/post"}],"author":[{"embeddable":true,"href":"https:\/\/tulitu.eu\/wp\/index.php?rest_route=\/wp\/v2\/users\/1"}],"replies":[{"embeddable":true,"href":"https:\/\/tulitu.eu\/wp\/index.php?rest_route=%2Fwp%2Fv2%2Fcomments&post=671"}],"version-history":[{"count":2,"href":"https:\/\/tulitu.eu\/wp\/index.php?rest_route=\/wp\/v2\/posts\/671\/revisions"}],"predecessor-version":[{"id":676,"href":"https:\/\/tulitu.eu\/wp\/index.php?rest_route=\/wp\/v2\/posts\/671\/revisions\/676"}],"wp:attachment":[{"href":"https:\/\/tulitu.eu\/wp\/index.php?rest_route=%2Fwp%2Fv2%2Fmedia&parent=671"}],"wp:term":[{"taxonomy":"category","embeddable":true,"href":"https:\/\/tulitu.eu\/wp\/index.php?rest_route=%2Fwp%2Fv2%2Fcategories&post=671"},{"taxonomy":"post_tag","embeddable":true,"href":"https:\/\/tulitu.eu\/wp\/index.php?rest_route=%2Fwp%2Fv2%2Ftags&post=671"}],"curies":[{"name":"wp","href":"https:\/\/api.w.org\/{rel}","templated":true}]}}