{"id":653,"date":"2016-11-01T16:03:47","date_gmt":"2016-11-01T16:03:47","guid":{"rendered":"http:\/\/tulitu.eu\/wp\/?p=653"},"modified":"2016-11-08T15:04:01","modified_gmt":"2016-11-08T15:04:01","slug":"mardi-22-novembre-a-19h-rencontre-avec-guillaume-sainteny-pour-le-climat-qui-cache-la-foret","status":"publish","type":"post","link":"https:\/\/tulitu.eu\/wp\/?p=653","title":{"rendered":"Annulation Mardi 22 novembre \u00e0 19h Rencontre avec Guillaume Sainteny pour &#8220;Le Climat qui cache la for\u00eat&#8221;"},"content":{"rendered":"<p><a href=\"http:\/\/tulitu.eu\/wp\/wp-content\/uploads\/2016\/11\/sainteny.png\"><img loading=\"lazy\" decoding=\"async\" class=\"alignnone size-medium wp-image-654\" src=\"http:\/\/tulitu.eu\/wp\/wp-content\/uploads\/2016\/11\/sainteny-200x300.png\" alt=\"sainteny\" width=\"200\" height=\"300\" srcset=\"https:\/\/tulitu.eu\/wp\/wp-content\/uploads\/2016\/11\/sainteny-200x300.png 200w, https:\/\/tulitu.eu\/wp\/wp-content\/uploads\/2016\/11\/sainteny.png 533w\" sizes=\"auto, (max-width: 200px) 100vw, 200px\" \/><\/a> <a href=\"http:\/\/tulitu.eu\/wp\/wp-content\/uploads\/2016\/11\/sainteny.1.jpg\"><img loading=\"lazy\" decoding=\"async\" class=\"alignnone size-medium wp-image-656\" src=\"http:\/\/tulitu.eu\/wp\/wp-content\/uploads\/2016\/11\/sainteny.1-300x156.jpg\" alt=\"sainteny-1\" width=\"300\" height=\"156\" srcset=\"https:\/\/tulitu.eu\/wp\/wp-content\/uploads\/2016\/11\/sainteny.1-300x156.jpg 300w, https:\/\/tulitu.eu\/wp\/wp-content\/uploads\/2016\/11\/sainteny.1.jpg 1000w\" sizes=\"auto, (max-width: 300px) 100vw, 300px\" \/><\/a><\/p>\n<p>!!!!!!!!!!<strong>L&#8217;\u00e9v\u00e9nement est annul\u00e9 et report\u00e9 \u00e0 une date ult\u00e9rieure!!!!!<\/strong><\/p>\n<p>Rencontre avec l&#8217;auteur Guillaume Sainteny pour son ouvrage &#8220;Le Climat qui cache la for\u00eat&#8221; publi\u00e9 aux ED. Rue de l&#8217;Echiquier.<\/p>\n<p><span id=\"fbPhotoSnowliftCaption\" class=\"fbPhotosPhotoCaption\" tabindex=\"0\" data-ft=\"{&quot;tn&quot;:&quot;K&quot;}\"><span class=\"hasCaption\">Le mot de l&#8217;\u00e9diteur : &#8220;Des milliers d&#8217;\u00e9tudes scientifiques ont mis en \u00e9vidence un ph\u00e9nom\u00e8ne de changement climatique. Toutefois, cette question a pris, depuis les ann\u00e9es 1990, une importance telle qu&#8217;elle en vient non seulement \u00e0 dominer les politiques environnementales, mais aussi \u00e0 les escamoter voire \u00e0 leur nuire.<br \/>\nOr, si le changement climatique constitue incontestablement un enjeu environnemen<span class=\"text_exposed_show\">tal majeur, il n&#8217;appara\u00eet pas plus important que la pollution de l&#8217;air, la pollution de l&#8217;eau, l&#8217;\u00e9rosion de la biodiversit\u00e9 voire la d\u00e9gradation des sols. Guillaume Sainteny le d\u00e9montre en comparant, par exemple, le nombre de d\u00e9c\u00e8s pr\u00e9matur\u00e9s dus \u00e0 ces ph\u00e9nom\u00e8nes, leurs co\u00fbts \u00e9conomiques ou encore la hi\u00e9rarchie des constats et recommandations des grandes organisations internationales.&#8221;<\/span><\/span><\/span><\/p>\n","protected":false},"excerpt":{"rendered":"<p>!!!!!!!!!!L&#8217;\u00e9v\u00e9nement est annul\u00e9 et report\u00e9 \u00e0 une date ult\u00e9rieure!!!!! Rencontre avec l&#8217;auteur Guillaume Sainteny pour son ouvrage &#8220;Le Climat qui cache la for\u00eat&#8221; publi\u00e9 aux ED. Rue de l&#8217;Echiquier. Le mot de l&#8217;\u00e9diteur : &#8220;Des milliers d&#8217;\u00e9tudes scientifiques ont mis en \u00e9vidence un ph\u00e9nom\u00e8ne de changement climatique. Toutefois, cette question a pris, depuis les ann\u00e9es &hellip; <a href=\"https:\/\/tulitu.eu\/wp\/?p=653\" class=\"more-link\">Continue reading <span class=\"screen-reader-text\">Annulation Mardi 22 novembre \u00e0 19h Rencontre avec Guillaume Sainteny pour &#8220;Le Climat qui cache la for\u00eat&#8221;<\/span> <span class=\"meta-nav\">&rarr;<\/span><\/a><\/p>\n","protected":false},"author":1,"featured_media":0,"comment_status":"open","ping_status":"open","sticky":false,"template":"","format":"standard","meta":{"footnotes":""},"categories":[2],"tags":[],"class_list":["post-653","post","type-post","status-publish","format-standard","hentry","category-agenda"],"_links":{"self":[{"href":"https:\/\/tulitu.eu\/wp\/index.php?rest_route=\/wp\/v2\/posts\/653","targetHints":{"allow":["GET"]}}],"collection":[{"href":"https:\/\/tulitu.eu\/wp\/index.php?rest_route=\/wp\/v2\/posts"}],"about":[{"href":"https:\/\/tulitu.eu\/wp\/index.php?rest_route=\/wp\/v2\/types\/post"}],"author":[{"embeddable":true,"href":"https:\/\/tulitu.eu\/wp\/index.php?rest_route=\/wp\/v2\/users\/1"}],"replies":[{"embeddable":true,"href":"https:\/\/tulitu.eu\/wp\/index.php?rest_route=%2Fwp%2Fv2%2Fcomments&post=653"}],"version-history":[{"count":4,"href":"https:\/\/tulitu.eu\/wp\/index.php?rest_route=\/wp\/v2\/posts\/653\/revisions"}],"predecessor-version":[{"id":681,"href":"https:\/\/tulitu.eu\/wp\/index.php?rest_route=\/wp\/v2\/posts\/653\/revisions\/681"}],"wp:attachment":[{"href":"https:\/\/tulitu.eu\/wp\/index.php?rest_route=%2Fwp%2Fv2%2Fmedia&parent=653"}],"wp:term":[{"taxonomy":"category","embeddable":true,"href":"https:\/\/tulitu.eu\/wp\/index.php?rest_route=%2Fwp%2Fv2%2Fcategories&post=653"},{"taxonomy":"post_tag","embeddable":true,"href":"https:\/\/tulitu.eu\/wp\/index.php?rest_route=%2Fwp%2Fv2%2Ftags&post=653"}],"curies":[{"name":"wp","href":"https:\/\/api.w.org\/{rel}","templated":true}]}}