{"id":649,"date":"2016-11-01T15:58:05","date_gmt":"2016-11-01T15:58:05","guid":{"rendered":"http:\/\/tulitu.eu\/wp\/?p=649"},"modified":"2016-11-01T15:58:05","modified_gmt":"2016-11-01T15:58:05","slug":"samedi-19-novembre-a-17h-vernissage-de-lexposition-all-the-people","status":"publish","type":"post","link":"https:\/\/tulitu.eu\/wp\/?p=649","title":{"rendered":"Samedi 19 novembre \u00e0 17h &#8211; Vernissage de l&#8217;exposition &#8220;All the people&#8221;"},"content":{"rendered":"<p><a href=\"http:\/\/tulitu.eu\/wp\/wp-content\/uploads\/2016\/11\/genrespluriels.jpg\"><img loading=\"lazy\" decoding=\"async\" class=\"alignnone size-medium wp-image-650\" src=\"http:\/\/tulitu.eu\/wp\/wp-content\/uploads\/2016\/11\/genrespluriels-210x300.jpg\" alt=\"genrespluriels\" width=\"210\" height=\"300\" srcset=\"https:\/\/tulitu.eu\/wp\/wp-content\/uploads\/2016\/11\/genrespluriels-210x300.jpg 210w, https:\/\/tulitu.eu\/wp\/wp-content\/uploads\/2016\/11\/genrespluriels.jpg 540w\" sizes=\"auto, (max-width: 210px) 100vw, 210px\" \/><\/a><\/p>\n<p><span class=\"_4n-j fsl\">Dans le cadre du Festival &#8220;Tous les genres sont dans la culture&#8221;<\/p>\n<p>Sortie du livre &#8220;All the People&#8221;<br \/>\nPubli\u00e9 par Kerber<br \/>\nTextes : Emily Besa. Photographies : Bernd Ott.<\/p>\n<p>\u00ab All the People \u00bb par Emily Besa et Bernd Ott explore le continuum des genres au niveau personnel, \u00e0 travers des personnes vivant \u00e0 Amsterdam, Berlin, Londres, Los Angeles et New York, qui expriment et d\u00e9finissent leur genre selon leurs propres conditions. Ces personnes s\u2019identifient en tant que transgenres, gender queer, performeur.e.s drag, ou bien elles ne s\u2019identifient dans aucune cat\u00e9gorie en particulier. Voici leurs histoires et leurs portraits, comme iels ont souhait\u00e9 \u00eatre repr\u00e9sent\u00e9.e.s. Cette collection de portraits en mots et en images i<span class=\"text_exposed_show\">ntimes, sensibles, la premi\u00e8re publication commune entre le photographe Bernd Ott et l\u2019auteure Emily Besa, c\u00e9l\u00e8bre l\u2019existence humaine dans toute sa diversit\u00e9.<\/p>\n<p>Les photos du livre \u00ab All the People \u00bb seront expos\u00e9es sur les murs de TULITU.<\/span><\/span><\/p>\n","protected":false},"excerpt":{"rendered":"<p>Dans le cadre du Festival &#8220;Tous les genres sont dans la culture&#8221; Sortie du livre &#8220;All the People&#8221; Publi\u00e9 par Kerber Textes : Emily Besa. Photographies : Bernd Ott. \u00ab All the People \u00bb par Emily Besa et Bernd Ott explore le continuum des genres au niveau personnel, \u00e0 travers des personnes vivant \u00e0 Amsterdam, &hellip; <a href=\"https:\/\/tulitu.eu\/wp\/?p=649\" class=\"more-link\">Continue reading <span class=\"screen-reader-text\">Samedi 19 novembre \u00e0 17h &#8211; Vernissage de l&#8217;exposition &#8220;All the people&#8221;<\/span> <span class=\"meta-nav\">&rarr;<\/span><\/a><\/p>\n","protected":false},"author":1,"featured_media":0,"comment_status":"open","ping_status":"open","sticky":false,"template":"","format":"standard","meta":{"footnotes":""},"categories":[2],"tags":[],"class_list":["post-649","post","type-post","status-publish","format-standard","hentry","category-agenda"],"_links":{"self":[{"href":"https:\/\/tulitu.eu\/wp\/index.php?rest_route=\/wp\/v2\/posts\/649","targetHints":{"allow":["GET"]}}],"collection":[{"href":"https:\/\/tulitu.eu\/wp\/index.php?rest_route=\/wp\/v2\/posts"}],"about":[{"href":"https:\/\/tulitu.eu\/wp\/index.php?rest_route=\/wp\/v2\/types\/post"}],"author":[{"embeddable":true,"href":"https:\/\/tulitu.eu\/wp\/index.php?rest_route=\/wp\/v2\/users\/1"}],"replies":[{"embeddable":true,"href":"https:\/\/tulitu.eu\/wp\/index.php?rest_route=%2Fwp%2Fv2%2Fcomments&post=649"}],"version-history":[{"count":2,"href":"https:\/\/tulitu.eu\/wp\/index.php?rest_route=\/wp\/v2\/posts\/649\/revisions"}],"predecessor-version":[{"id":652,"href":"https:\/\/tulitu.eu\/wp\/index.php?rest_route=\/wp\/v2\/posts\/649\/revisions\/652"}],"wp:attachment":[{"href":"https:\/\/tulitu.eu\/wp\/index.php?rest_route=%2Fwp%2Fv2%2Fmedia&parent=649"}],"wp:term":[{"taxonomy":"category","embeddable":true,"href":"https:\/\/tulitu.eu\/wp\/index.php?rest_route=%2Fwp%2Fv2%2Fcategories&post=649"},{"taxonomy":"post_tag","embeddable":true,"href":"https:\/\/tulitu.eu\/wp\/index.php?rest_route=%2Fwp%2Fv2%2Ftags&post=649"}],"curies":[{"name":"wp","href":"https:\/\/api.w.org\/{rel}","templated":true}]}}