{"id":585,"date":"2016-09-21T15:24:59","date_gmt":"2016-09-21T15:24:59","guid":{"rendered":"http:\/\/tulitu.eu\/wp\/?p=585"},"modified":"2016-10-11T08:45:23","modified_gmt":"2016-10-11T08:45:23","slug":"dimanche-16-octobre-a-16h-a-pas-de-loups-a-lhonneur","status":"publish","type":"post","link":"https:\/\/tulitu.eu\/wp\/?p=585","title":{"rendered":"Dimanche 16 octobre \u00e0 16h A pas de loups \u00e0 l&#8217;honneur avec Val\u00e9rie Paulhiac"},"content":{"rendered":"<p><a href=\"http:\/\/tulitu.eu\/wp\/wp-content\/uploads\/2016\/09\/apasdeloupslogo.jpg\"><img loading=\"lazy\" decoding=\"async\" class=\"alignnone size-full wp-image-586\" src=\"http:\/\/tulitu.eu\/wp\/wp-content\/uploads\/2016\/09\/apasdeloupslogo.jpg\" alt=\"apasdeloupslogo\" width=\"190\" height=\"299\" \/><\/a><a href=\"http:\/\/tulitu.eu\/wp\/wp-content\/uploads\/2016\/09\/ugotureves.jpg\"><img loading=\"lazy\" decoding=\"async\" class=\"alignnone size-medium wp-image-616\" src=\"http:\/\/tulitu.eu\/wp\/wp-content\/uploads\/2016\/09\/ugotureves-225x300.jpg\" alt=\"ugotureves\" width=\"225\" height=\"300\" srcset=\"https:\/\/tulitu.eu\/wp\/wp-content\/uploads\/2016\/09\/ugotureves-225x300.jpg 225w, https:\/\/tulitu.eu\/wp\/wp-content\/uploads\/2016\/09\/ugotureves.jpg 720w\" sizes=\"auto, (max-width: 225px) 100vw, 225px\" \/><\/a><\/p>\n<p><span class=\"_4n-j fsl\">Dans le cadre de <a href=\"https:\/\/www.facebook.com\/events\/1578165222485279\/?action_history=null\" data-hovercard=\"\/ajax\/hovercard\/event.php?id=1578165222485279&amp;extragetparams=%7B%22directed_target_id%22%3A1109162542506381%7D\">La fureur de lire<\/a>, Nathalie Paulhiac lira &#8220;Ugo, tu r\u00eaves?&#8221;, son album jeunesse publi\u00e9 chez <a href=\"https:\/\/www.facebook.com\/apasdeloupseditions\/\" data-hovercard=\"\/ajax\/hovercard\/page.php?id=496111477177468&amp;extragetparams=%7B%22directed_target_id%22%3A1109162542506381%7D\">A pas de loups<\/a>. La lecture sera suivie d&#8217;une s\u00e9ance de d\u00e9dicace.<\/span><\/p>\n<p><a href=\"https:\/\/apasdeloups.com\/\">https:\/\/apasdeloups.com\/<\/a><\/p>\n<p><a href=\"http:\/\/tulitu.eu\/wp\/wp-content\/uploads\/2016\/09\/affiche_fureurdelire.jpg\"><img loading=\"lazy\" decoding=\"async\" class=\"alignnone size-thumbnail wp-image-582\" src=\"http:\/\/tulitu.eu\/wp\/wp-content\/uploads\/2016\/09\/affiche_fureurdelire-150x150.jpg\" alt=\"affiche_fureurdelire\" width=\"150\" height=\"150\" \/><\/a><\/p>\n","protected":false},"excerpt":{"rendered":"<p>Dans le cadre de La fureur de lire, Nathalie Paulhiac lira &#8220;Ugo, tu r\u00eaves?&#8221;, son album jeunesse publi\u00e9 chez A pas de loups. La lecture sera suivie d&#8217;une s\u00e9ance de d\u00e9dicace. https:\/\/apasdeloups.com\/<\/p>\n","protected":false},"author":1,"featured_media":0,"comment_status":"open","ping_status":"open","sticky":false,"template":"","format":"standard","meta":{"footnotes":""},"categories":[2],"tags":[],"class_list":["post-585","post","type-post","status-publish","format-standard","hentry","category-agenda"],"_links":{"self":[{"href":"https:\/\/tulitu.eu\/wp\/index.php?rest_route=\/wp\/v2\/posts\/585","targetHints":{"allow":["GET"]}}],"collection":[{"href":"https:\/\/tulitu.eu\/wp\/index.php?rest_route=\/wp\/v2\/posts"}],"about":[{"href":"https:\/\/tulitu.eu\/wp\/index.php?rest_route=\/wp\/v2\/types\/post"}],"author":[{"embeddable":true,"href":"https:\/\/tulitu.eu\/wp\/index.php?rest_route=\/wp\/v2\/users\/1"}],"replies":[{"embeddable":true,"href":"https:\/\/tulitu.eu\/wp\/index.php?rest_route=%2Fwp%2Fv2%2Fcomments&post=585"}],"version-history":[{"count":5,"href":"https:\/\/tulitu.eu\/wp\/index.php?rest_route=\/wp\/v2\/posts\/585\/revisions"}],"predecessor-version":[{"id":624,"href":"https:\/\/tulitu.eu\/wp\/index.php?rest_route=\/wp\/v2\/posts\/585\/revisions\/624"}],"wp:attachment":[{"href":"https:\/\/tulitu.eu\/wp\/index.php?rest_route=%2Fwp%2Fv2%2Fmedia&parent=585"}],"wp:term":[{"taxonomy":"category","embeddable":true,"href":"https:\/\/tulitu.eu\/wp\/index.php?rest_route=%2Fwp%2Fv2%2Fcategories&post=585"},{"taxonomy":"post_tag","embeddable":true,"href":"https:\/\/tulitu.eu\/wp\/index.php?rest_route=%2Fwp%2Fv2%2Ftags&post=585"}],"curies":[{"name":"wp","href":"https:\/\/api.w.org\/{rel}","templated":true}]}}