{"id":580,"date":"2016-09-21T15:20:10","date_gmt":"2016-09-21T15:20:10","guid":{"rendered":"http:\/\/tulitu.eu\/wp\/?p=580"},"modified":"2016-09-21T15:20:20","modified_gmt":"2016-09-21T15:20:20","slug":"mercredi-12-octobre-a-16h-lectureanimation-de-lalbum-jeunesse-le-voyage-de-june","status":"publish","type":"post","link":"https:\/\/tulitu.eu\/wp\/?p=580","title":{"rendered":"Mercredi 12 octobre \u00e0 16h Lecture\/animation de l&#8217;album jeunesse Le Voyage de June"},"content":{"rendered":"<p><a href=\"http:\/\/tulitu.eu\/wp\/wp-content\/uploads\/2016\/09\/INVIT_VOYAGEDEJUNE.jpg\"><img loading=\"lazy\" decoding=\"async\" class=\"alignnone size-medium wp-image-581\" src=\"http:\/\/tulitu.eu\/wp\/wp-content\/uploads\/2016\/09\/INVIT_VOYAGEDEJUNE-185x300.jpg\" alt=\"invit_voyagedejune\" width=\"185\" height=\"300\" srcset=\"https:\/\/tulitu.eu\/wp\/wp-content\/uploads\/2016\/09\/INVIT_VOYAGEDEJUNE-185x300.jpg 185w, https:\/\/tulitu.eu\/wp\/wp-content\/uploads\/2016\/09\/INVIT_VOYAGEDEJUNE.jpg 551w\" sizes=\"auto, (max-width: 185px) 100vw, 185px\" \/><\/a><\/p>\n<p><span class=\"_4n-j fsl\">Dans le cadre de la Fureur de lire, lecture anim\u00e9e par Nathalie Mellinger, en pr\u00e9sence de l\u2019auteure Sophie Kovess-Brun, de l\u2019album jeunesse &#8220;Le voyage de June&#8221; publi\u00e9 chez Des ronds dans l\u2019O Jeunesse, illustr\u00e9 par Sandrine Revel.<\/span><\/p>\n<p>June et ses deux mamans partent passer les vacances d&#8217;\u00e9t\u00e9 chez Manie et Papou. Dans le train, la petite fille part en balade, de wagon en wagon. Un album qui aborde le th\u00e8me de la tol\u00e9rance.<\/p>\n<p><a href=\"http:\/\/tulitu.eu\/wp\/wp-content\/uploads\/2016\/09\/affiche_fureurdelire.jpg\"><img loading=\"lazy\" decoding=\"async\" class=\"alignnone size-thumbnail wp-image-582\" src=\"http:\/\/tulitu.eu\/wp\/wp-content\/uploads\/2016\/09\/affiche_fureurdelire-150x150.jpg\" alt=\"affiche_fureurdelire\" width=\"150\" height=\"150\" \/><\/a><\/p>\n","protected":false},"excerpt":{"rendered":"<p>Dans le cadre de la Fureur de lire, lecture anim\u00e9e par Nathalie Mellinger, en pr\u00e9sence de l\u2019auteure Sophie Kovess-Brun, de l\u2019album jeunesse &#8220;Le voyage de June&#8221; publi\u00e9 chez Des ronds dans l\u2019O Jeunesse, illustr\u00e9 par Sandrine Revel. June et ses deux mamans partent passer les vacances d&#8217;\u00e9t\u00e9 chez Manie et Papou. Dans le train, la &hellip; <a href=\"https:\/\/tulitu.eu\/wp\/?p=580\" class=\"more-link\">Continue reading <span class=\"screen-reader-text\">Mercredi 12 octobre \u00e0 16h Lecture\/animation de l&#8217;album jeunesse Le Voyage de June<\/span> <span class=\"meta-nav\">&rarr;<\/span><\/a><\/p>\n","protected":false},"author":1,"featured_media":0,"comment_status":"open","ping_status":"open","sticky":false,"template":"","format":"standard","meta":{"footnotes":""},"categories":[2],"tags":[],"class_list":["post-580","post","type-post","status-publish","format-standard","hentry","category-agenda"],"_links":{"self":[{"href":"https:\/\/tulitu.eu\/wp\/index.php?rest_route=\/wp\/v2\/posts\/580","targetHints":{"allow":["GET"]}}],"collection":[{"href":"https:\/\/tulitu.eu\/wp\/index.php?rest_route=\/wp\/v2\/posts"}],"about":[{"href":"https:\/\/tulitu.eu\/wp\/index.php?rest_route=\/wp\/v2\/types\/post"}],"author":[{"embeddable":true,"href":"https:\/\/tulitu.eu\/wp\/index.php?rest_route=\/wp\/v2\/users\/1"}],"replies":[{"embeddable":true,"href":"https:\/\/tulitu.eu\/wp\/index.php?rest_route=%2Fwp%2Fv2%2Fcomments&post=580"}],"version-history":[{"count":2,"href":"https:\/\/tulitu.eu\/wp\/index.php?rest_route=\/wp\/v2\/posts\/580\/revisions"}],"predecessor-version":[{"id":584,"href":"https:\/\/tulitu.eu\/wp\/index.php?rest_route=\/wp\/v2\/posts\/580\/revisions\/584"}],"wp:attachment":[{"href":"https:\/\/tulitu.eu\/wp\/index.php?rest_route=%2Fwp%2Fv2%2Fmedia&parent=580"}],"wp:term":[{"taxonomy":"category","embeddable":true,"href":"https:\/\/tulitu.eu\/wp\/index.php?rest_route=%2Fwp%2Fv2%2Fcategories&post=580"},{"taxonomy":"post_tag","embeddable":true,"href":"https:\/\/tulitu.eu\/wp\/index.php?rest_route=%2Fwp%2Fv2%2Ftags&post=580"}],"curies":[{"name":"wp","href":"https:\/\/api.w.org\/{rel}","templated":true}]}}