{"id":573,"date":"2016-09-21T14:50:34","date_gmt":"2016-09-21T14:50:34","guid":{"rendered":"http:\/\/tulitu.eu\/wp\/?p=573"},"modified":"2016-09-21T14:51:44","modified_gmt":"2016-09-21T14:51:44","slug":"samedi-1er-octobre-a-17h-paulette-editrice-a-bruxelles","status":"publish","type":"post","link":"https:\/\/tulitu.eu\/wp\/?p=573","title":{"rendered":"Samedi 1er octobre \u00e0 17h Paulette \u00e9ditrice \u00e0 Bruxelles"},"content":{"rendered":"<p><a href=\"http:\/\/tulitu.eu\/wp\/wp-content\/uploads\/2016\/09\/logo2.jpg\"><img loading=\"lazy\" decoding=\"async\" class=\"alignnone size-full wp-image-574\" src=\"http:\/\/tulitu.eu\/wp\/wp-content\/uploads\/2016\/09\/logo2.jpg\" alt=\"logo2\" width=\"297\" height=\"170\" \/><\/a><\/p>\n<p><span class=\"_4n-j fsl\">TULITU est heureuse d&#8217;accueillir trois auteures \u00e9dit\u00e9es chez <a href=\"https:\/\/www.facebook.com\/PauletteEditrice\/\" data-hovercard=\"\/ajax\/hovercard\/page.php?id=550679644943818&amp;extragetparams=%7B%22directed_target_id%22%3A184906785269344%7D\">Paulette \u00e9ditrice<\/a>, maison d&#8217;\u00e9dition suisse reprise en 2015 par Guy Chevalley et No\u00e9mi Schaub, qui ont auparavant travaill\u00e9 pour des maisons d\u2019\u00e9dition romandes. Le tandem a orient\u00e9 l\u2019activit\u00e9 de Paulette vers la fiction courte, avec des textes \u00e0 forte personnalit\u00e9, baptis\u00e9s \u00ab pives \u00bb.<\/span><\/p>\n<p>L&#8217;explication de Paulette :<br \/>\n&#8220;Qu\u2019est-ce qu\u2019une pive ?<br \/>\nInflammable, l\u00e9g\u00e8re, d\u00e9corative, la pive est un petit objet maniable et pointu. Sucr\u00e9 comme la pomme et moelleux comme le pain. Tomb\u00e9e pas loin de l\u2019arbre, la pive se jette au visage du monde. Les auteur-e-s de pive sont eux-m\u00eames des pives. Ils pensent \u00e0 tout mais ne l\u2019\u00e9crivent pas. Une pive, \u00e7a flambe bien. Une pive d\u00e9core le rebord de la chemin\u00e9e. C\u2019est aussi du plus bel effet dans une coupe \u00e0 fruits.<br \/>\nQu\u2019y a-t-il \u00e0 un jet de pive ? La litt\u00e9rature. La pive n\u2019est pas une nouvelle parce que. La pive est toute seule, seule au milieu d\u2019autres pives. Telle est la pive.&#8221;<\/p>\n<p><a href=\"https:\/\/youtu.be\/-2P3U3fK_xs\" target=\"_blank\" rel=\"nofollow nofollow\">https:\/\/youtu.be\/<wbr \/>-2P3U3fK_xs<\/a><\/p>\n<p>Venez \u00e0 la rencontre avec les \u00e9diteurs et les auteures C\u00e9line Zuferey, Elodie Glerum et Anne-Sophie Subilia.<\/p>\n<p>Causerie, lectures et ap\u00e9ro au programme!<\/p>\n<p><a href=\"http:\/\/tulitu.eu\/wp\/wp-content\/uploads\/2016\/09\/COUV_pive3.jpg\"><img loading=\"lazy\" decoding=\"async\" class=\"alignnone size-thumbnail wp-image-577\" src=\"http:\/\/tulitu.eu\/wp\/wp-content\/uploads\/2016\/09\/COUV_pive3-150x150.jpg\" alt=\"couv_pive3\" width=\"150\" height=\"150\" \/><\/a><a href=\"http:\/\/tulitu.eu\/wp\/wp-content\/uploads\/2016\/09\/COUV_pive2.jpg\"><img loading=\"lazy\" decoding=\"async\" class=\"alignnone size-thumbnail wp-image-576\" src=\"http:\/\/tulitu.eu\/wp\/wp-content\/uploads\/2016\/09\/COUV_pive2-150x150.jpg\" alt=\"couv_pive2\" width=\"150\" height=\"150\" \/><\/a><a href=\"http:\/\/tulitu.eu\/wp\/wp-content\/uploads\/2016\/09\/COUV_pive1.jpg\"><img loading=\"lazy\" decoding=\"async\" class=\"alignnone size-thumbnail wp-image-575\" src=\"http:\/\/tulitu.eu\/wp\/wp-content\/uploads\/2016\/09\/COUV_pive1-150x150.jpg\" alt=\"couv_pive1\" width=\"150\" height=\"150\" \/><\/a><\/p>\n<p>&nbsp;<\/p>\n","protected":false},"excerpt":{"rendered":"<p>TULITU est heureuse d&#8217;accueillir trois auteures \u00e9dit\u00e9es chez Paulette \u00e9ditrice, maison d&#8217;\u00e9dition suisse reprise en 2015 par Guy Chevalley et No\u00e9mi Schaub, qui ont auparavant travaill\u00e9 pour des maisons d\u2019\u00e9dition romandes. Le tandem a orient\u00e9 l\u2019activit\u00e9 de Paulette vers la fiction courte, avec des textes \u00e0 forte personnalit\u00e9, baptis\u00e9s \u00ab pives \u00bb. L&#8217;explication de Paulette &hellip; <a href=\"https:\/\/tulitu.eu\/wp\/?p=573\" class=\"more-link\">Continue reading <span class=\"screen-reader-text\">Samedi 1er octobre \u00e0 17h Paulette \u00e9ditrice \u00e0 Bruxelles<\/span> <span class=\"meta-nav\">&rarr;<\/span><\/a><\/p>\n","protected":false},"author":1,"featured_media":0,"comment_status":"open","ping_status":"open","sticky":false,"template":"","format":"standard","meta":{"footnotes":""},"categories":[2],"tags":[],"class_list":["post-573","post","type-post","status-publish","format-standard","hentry","category-agenda"],"_links":{"self":[{"href":"https:\/\/tulitu.eu\/wp\/index.php?rest_route=\/wp\/v2\/posts\/573","targetHints":{"allow":["GET"]}}],"collection":[{"href":"https:\/\/tulitu.eu\/wp\/index.php?rest_route=\/wp\/v2\/posts"}],"about":[{"href":"https:\/\/tulitu.eu\/wp\/index.php?rest_route=\/wp\/v2\/types\/post"}],"author":[{"embeddable":true,"href":"https:\/\/tulitu.eu\/wp\/index.php?rest_route=\/wp\/v2\/users\/1"}],"replies":[{"embeddable":true,"href":"https:\/\/tulitu.eu\/wp\/index.php?rest_route=%2Fwp%2Fv2%2Fcomments&post=573"}],"version-history":[{"count":2,"href":"https:\/\/tulitu.eu\/wp\/index.php?rest_route=\/wp\/v2\/posts\/573\/revisions"}],"predecessor-version":[{"id":579,"href":"https:\/\/tulitu.eu\/wp\/index.php?rest_route=\/wp\/v2\/posts\/573\/revisions\/579"}],"wp:attachment":[{"href":"https:\/\/tulitu.eu\/wp\/index.php?rest_route=%2Fwp%2Fv2%2Fmedia&parent=573"}],"wp:term":[{"taxonomy":"category","embeddable":true,"href":"https:\/\/tulitu.eu\/wp\/index.php?rest_route=%2Fwp%2Fv2%2Fcategories&post=573"},{"taxonomy":"post_tag","embeddable":true,"href":"https:\/\/tulitu.eu\/wp\/index.php?rest_route=%2Fwp%2Fv2%2Ftags&post=573"}],"curies":[{"name":"wp","href":"https:\/\/api.w.org\/{rel}","templated":true}]}}