{"id":445,"date":"2016-04-21T15:05:49","date_gmt":"2016-04-21T15:05:49","guid":{"rendered":"http:\/\/tulitu.eu\/wp\/?p=445"},"modified":"2016-04-21T15:10:17","modified_gmt":"2016-04-21T15:10:17","slug":"jeudi-12-mai-a-19h-rencontre-avec-diane-lamoureux-auteure-de-louvrage-les-possibles-du-feminisme-edite-aux-editions-du-remue-menage","status":"publish","type":"post","link":"https:\/\/tulitu.eu\/wp\/?p=445","title":{"rendered":"Jeudi 12 mai \u00e0 19h &#8211; Rencontre avec Diane Lamoureux, auteure de l&#8217;ouvrage &#8220;Les possibles du f\u00e9minisme : agir sans &#8220;nous&#8221;&#8221; \u00e9dit\u00e9 aux Editions du remue-m\u00e9nage"},"content":{"rendered":"<h4><a href=\"http:\/\/tulitu.eu\/wp\/wp-content\/uploads\/2016\/04\/dianelammoureux_livre.jpg\"><img loading=\"lazy\" decoding=\"async\" class=\"alignnone size-medium wp-image-446\" src=\"http:\/\/tulitu.eu\/wp\/wp-content\/uploads\/2016\/04\/dianelammoureux_livre-175x300.jpg\" alt=\"dianelammoureux_livre\" width=\"175\" height=\"300\" srcset=\"https:\/\/tulitu.eu\/wp\/wp-content\/uploads\/2016\/04\/dianelammoureux_livre-175x300.jpg 175w, https:\/\/tulitu.eu\/wp\/wp-content\/uploads\/2016\/04\/dianelammoureux_livre.jpg 265w\" sizes=\"auto, (max-width: 175px) 100vw, 175px\" \/><\/a><\/h4>\n<div class=\"truncable400\">\n<p class=\"p2\">Dans cet ouvrage, Diane Lamoureux m\u00e8ne une r\u00e9flexion sur les questions qui animent le f\u00e9minisme des derni\u00e8res d\u00e9cennies et qui traversent la pens\u00e9e politique au Qu\u00e9bec : n\u00e9olib\u00e9ralisme, libert\u00e9, justice sociale, d\u00e9fense des droits ou rapport \u00e0 l\u2019\u00c9tat.<\/p>\n<\/div>\n<div class=\"auteur\">La rencontre sera anim\u00e9e par Caroline Godart.<\/div>\n","protected":false},"excerpt":{"rendered":"<p>Dans cet ouvrage, Diane Lamoureux m\u00e8ne une r\u00e9flexion sur les questions qui animent le f\u00e9minisme des derni\u00e8res d\u00e9cennies et qui traversent la pens\u00e9e politique au Qu\u00e9bec : n\u00e9olib\u00e9ralisme, libert\u00e9, justice sociale, d\u00e9fense des droits ou rapport \u00e0 l\u2019\u00c9tat. La rencontre sera anim\u00e9e par Caroline Godart.<\/p>\n","protected":false},"author":1,"featured_media":0,"comment_status":"open","ping_status":"open","sticky":false,"template":"","format":"standard","meta":{"footnotes":""},"categories":[2],"tags":[],"class_list":["post-445","post","type-post","status-publish","format-standard","hentry","category-agenda"],"_links":{"self":[{"href":"https:\/\/tulitu.eu\/wp\/index.php?rest_route=\/wp\/v2\/posts\/445","targetHints":{"allow":["GET"]}}],"collection":[{"href":"https:\/\/tulitu.eu\/wp\/index.php?rest_route=\/wp\/v2\/posts"}],"about":[{"href":"https:\/\/tulitu.eu\/wp\/index.php?rest_route=\/wp\/v2\/types\/post"}],"author":[{"embeddable":true,"href":"https:\/\/tulitu.eu\/wp\/index.php?rest_route=\/wp\/v2\/users\/1"}],"replies":[{"embeddable":true,"href":"https:\/\/tulitu.eu\/wp\/index.php?rest_route=%2Fwp%2Fv2%2Fcomments&post=445"}],"version-history":[{"count":3,"href":"https:\/\/tulitu.eu\/wp\/index.php?rest_route=\/wp\/v2\/posts\/445\/revisions"}],"predecessor-version":[{"id":449,"href":"https:\/\/tulitu.eu\/wp\/index.php?rest_route=\/wp\/v2\/posts\/445\/revisions\/449"}],"wp:attachment":[{"href":"https:\/\/tulitu.eu\/wp\/index.php?rest_route=%2Fwp%2Fv2%2Fmedia&parent=445"}],"wp:term":[{"taxonomy":"category","embeddable":true,"href":"https:\/\/tulitu.eu\/wp\/index.php?rest_route=%2Fwp%2Fv2%2Fcategories&post=445"},{"taxonomy":"post_tag","embeddable":true,"href":"https:\/\/tulitu.eu\/wp\/index.php?rest_route=%2Fwp%2Fv2%2Ftags&post=445"}],"curies":[{"name":"wp","href":"https:\/\/api.w.org\/{rel}","templated":true}]}}