{"id":357,"date":"2016-01-16T18:09:58","date_gmt":"2016-01-16T18:09:58","guid":{"rendered":"http:\/\/tulitu.eu\/wp\/?p=357"},"modified":"2016-01-16T18:31:52","modified_gmt":"2016-01-16T18:31:52","slug":"vendredi-5-fevrier-a-19h-rencontre-avec-francois-chaslin-autour-de-son-livre-un-corbusier-paru-au-seuil","status":"publish","type":"post","link":"https:\/\/tulitu.eu\/wp\/?p=357","title":{"rendered":"Vendredi 5 f\u00e9vrier \u00e0 19h &#8211; Rencontre avec Fran\u00e7ois Chaslin autour de son livre &#8220;Un Corbusier&#8221; paru au Seuil"},"content":{"rendered":"<p><a href=\"http:\/\/tulitu.eu\/wp\/wp-content\/uploads\/2016\/01\/corbusier.jpg\"><img loading=\"lazy\" decoding=\"async\" class=\"alignnone  wp-image-358\" src=\"http:\/\/tulitu.eu\/wp\/wp-content\/uploads\/2016\/01\/corbusier.jpg\" alt=\"corbusier\" width=\"573\" height=\"573\" srcset=\"https:\/\/tulitu.eu\/wp\/wp-content\/uploads\/2016\/01\/corbusier.jpg 528w, https:\/\/tulitu.eu\/wp\/wp-content\/uploads\/2016\/01\/corbusier-150x150.jpg 150w, https:\/\/tulitu.eu\/wp\/wp-content\/uploads\/2016\/01\/corbusier-300x300.jpg 300w\" sizes=\"auto, (max-width: 573px) 100vw, 573px\" \/><\/a><span class=\"fsl\">Fran\u00e7ois Chaslin est architecte et critique.<br \/>\nIl a sorti un livre sur l&#8217;architecte Le Corbusier, \u00e9dit\u00e9 au Seuil.<\/span><\/p>\n<p>C&#8217;est l&#8217;occasion r\u00eav\u00e9e pour TULITU d&#8217;inviter Fran\u00e7ois Chaslin qui nous a passionn\u00e9s avec son \u00e9mission d\u00e9di\u00e9e \u00e0 l&#8217;architecture &#8220;M\u00e9tropolitains&#8221;, de 1999 \u00e0 2012, sur France Culture.<\/p>\n<p>La causerie sera anim\u00e9e par l&#8217;architecte urbaniste Benoit Moritz.<\/p>\n","protected":false},"excerpt":{"rendered":"<p>Fran\u00e7ois Chaslin est architecte et critique. Il a sorti un livre sur l&#8217;architecte Le Corbusier, \u00e9dit\u00e9 au Seuil. C&#8217;est l&#8217;occasion r\u00eav\u00e9e pour TULITU d&#8217;inviter Fran\u00e7ois Chaslin qui nous a passionn\u00e9s avec son \u00e9mission d\u00e9di\u00e9e \u00e0 l&#8217;architecture &#8220;M\u00e9tropolitains&#8221;, de 1999 \u00e0 2012, sur France Culture. La causerie sera anim\u00e9e par l&#8217;architecte urbaniste Benoit Moritz.<\/p>\n","protected":false},"author":1,"featured_media":0,"comment_status":"open","ping_status":"open","sticky":false,"template":"","format":"standard","meta":{"footnotes":""},"categories":[2],"tags":[],"class_list":["post-357","post","type-post","status-publish","format-standard","hentry","category-agenda"],"_links":{"self":[{"href":"https:\/\/tulitu.eu\/wp\/index.php?rest_route=\/wp\/v2\/posts\/357","targetHints":{"allow":["GET"]}}],"collection":[{"href":"https:\/\/tulitu.eu\/wp\/index.php?rest_route=\/wp\/v2\/posts"}],"about":[{"href":"https:\/\/tulitu.eu\/wp\/index.php?rest_route=\/wp\/v2\/types\/post"}],"author":[{"embeddable":true,"href":"https:\/\/tulitu.eu\/wp\/index.php?rest_route=\/wp\/v2\/users\/1"}],"replies":[{"embeddable":true,"href":"https:\/\/tulitu.eu\/wp\/index.php?rest_route=%2Fwp%2Fv2%2Fcomments&post=357"}],"version-history":[{"count":3,"href":"https:\/\/tulitu.eu\/wp\/index.php?rest_route=\/wp\/v2\/posts\/357\/revisions"}],"predecessor-version":[{"id":361,"href":"https:\/\/tulitu.eu\/wp\/index.php?rest_route=\/wp\/v2\/posts\/357\/revisions\/361"}],"wp:attachment":[{"href":"https:\/\/tulitu.eu\/wp\/index.php?rest_route=%2Fwp%2Fv2%2Fmedia&parent=357"}],"wp:term":[{"taxonomy":"category","embeddable":true,"href":"https:\/\/tulitu.eu\/wp\/index.php?rest_route=%2Fwp%2Fv2%2Fcategories&post=357"},{"taxonomy":"post_tag","embeddable":true,"href":"https:\/\/tulitu.eu\/wp\/index.php?rest_route=%2Fwp%2Fv2%2Ftags&post=357"}],"curies":[{"name":"wp","href":"https:\/\/api.w.org\/{rel}","templated":true}]}}