{"id":350,"date":"2016-01-15T18:57:53","date_gmt":"2016-01-15T18:57:53","guid":{"rendered":"http:\/\/tulitu.eu\/wp\/?p=350"},"modified":"2016-01-20T16:24:56","modified_gmt":"2016-01-20T16:24:56","slug":"mardi-26-janvier-2016-a-19h-rencontre-avec-lhistorien-olivier-defrance-a-propos-de-son-livre-lilian-et-le-roi","status":"publish","type":"post","link":"https:\/\/tulitu.eu\/wp\/?p=350","title":{"rendered":"Vendredi 12 janvier \u00e0 19h &#8211; Rencontre avec l&#8217;historien Olivier Defrance \u00e0 propos de son livre &#8220;Lilian et le Roi&#8221;"},"content":{"rendered":"<p><a href=\"http:\/\/tulitu.eu\/wp\/wp-content\/uploads\/2016\/01\/olivierdefrance.jpg\"><img loading=\"lazy\" decoding=\"async\" class=\"alignnone size-medium wp-image-348\" src=\"http:\/\/tulitu.eu\/wp\/wp-content\/uploads\/2016\/01\/olivierdefrance-193x300.jpg\" alt=\"olivierdefrance\" width=\"193\" height=\"300\" srcset=\"https:\/\/tulitu.eu\/wp\/wp-content\/uploads\/2016\/01\/olivierdefrance-193x300.jpg 193w, https:\/\/tulitu.eu\/wp\/wp-content\/uploads\/2016\/01\/olivierdefrance-659x1024.jpg 659w, https:\/\/tulitu.eu\/wp\/wp-content\/uploads\/2016\/01\/olivierdefrance.jpg 1293w\" sizes=\"auto, (max-width: 193px) 100vw, 193px\" \/><\/a><\/p>\n<p><span class=\"fsl\">De nombreux livres et articles ont \u00e9t\u00e9 publi\u00e9s sur L\u00e9opold III et la Question royale, beaucoup moins au sujet de la princesse Lilian, celle qui fut pourtant au c\u0153ur des campagnes antil\u00e9opoldistes.<\/span><\/p>\n<p>Ayant obtenu l\u2019acc\u00e8s \u00e0 des archives in\u00e9dites, l&#8217;historien Olivier Defrance tente de nous la montrer sous un jour neuf, et de la mani\u00e8re la plus objective possible, si l\u2019on consid\u00e8re cet exercice r\u00e9alisable.<\/p>\n<p>Chez TULITU, il pr\u00e9sentera la fa\u00e7on dont il a proc\u00e9d\u00e9, les archives qu\u2019il a consult\u00e9es et les t\u00e9moignages qu\u2019il a recueillis. Quelques aspects sp\u00e9cifiques seront abord\u00e9s : les ann\u00e9es de jeunesse de Lilian Baels, la p\u00e9riode de la guerre et le r\u00f4le de Lilian durant les dix premi\u00e8res ann\u00e9es de r\u00e8gne du roi Baudouin.<\/p>\n<p>&nbsp;<\/p>\n<p>Le livre est publi\u00e9 chez Racine.<\/p>\n","protected":false},"excerpt":{"rendered":"<p>De nombreux livres et articles ont \u00e9t\u00e9 publi\u00e9s sur L\u00e9opold III et la Question royale, beaucoup moins au sujet de la princesse Lilian, celle qui fut pourtant au c\u0153ur des campagnes antil\u00e9opoldistes. Ayant obtenu l\u2019acc\u00e8s \u00e0 des archives in\u00e9dites, l&#8217;historien Olivier Defrance tente de nous la montrer sous un jour neuf, et de la mani\u00e8re &hellip; <a href=\"https:\/\/tulitu.eu\/wp\/?p=350\" class=\"more-link\">Continue reading <span class=\"screen-reader-text\">Vendredi 12 janvier \u00e0 19h &#8211; Rencontre avec l&#8217;historien Olivier Defrance \u00e0 propos de son livre &#8220;Lilian et le Roi&#8221;<\/span> <span class=\"meta-nav\">&rarr;<\/span><\/a><\/p>\n","protected":false},"author":1,"featured_media":0,"comment_status":"open","ping_status":"open","sticky":false,"template":"","format":"standard","meta":{"footnotes":""},"categories":[2],"tags":[],"class_list":["post-350","post","type-post","status-publish","format-standard","hentry","category-agenda"],"_links":{"self":[{"href":"https:\/\/tulitu.eu\/wp\/index.php?rest_route=\/wp\/v2\/posts\/350","targetHints":{"allow":["GET"]}}],"collection":[{"href":"https:\/\/tulitu.eu\/wp\/index.php?rest_route=\/wp\/v2\/posts"}],"about":[{"href":"https:\/\/tulitu.eu\/wp\/index.php?rest_route=\/wp\/v2\/types\/post"}],"author":[{"embeddable":true,"href":"https:\/\/tulitu.eu\/wp\/index.php?rest_route=\/wp\/v2\/users\/1"}],"replies":[{"embeddable":true,"href":"https:\/\/tulitu.eu\/wp\/index.php?rest_route=%2Fwp%2Fv2%2Fcomments&post=350"}],"version-history":[{"count":2,"href":"https:\/\/tulitu.eu\/wp\/index.php?rest_route=\/wp\/v2\/posts\/350\/revisions"}],"predecessor-version":[{"id":362,"href":"https:\/\/tulitu.eu\/wp\/index.php?rest_route=\/wp\/v2\/posts\/350\/revisions\/362"}],"wp:attachment":[{"href":"https:\/\/tulitu.eu\/wp\/index.php?rest_route=%2Fwp%2Fv2%2Fmedia&parent=350"}],"wp:term":[{"taxonomy":"category","embeddable":true,"href":"https:\/\/tulitu.eu\/wp\/index.php?rest_route=%2Fwp%2Fv2%2Fcategories&post=350"},{"taxonomy":"post_tag","embeddable":true,"href":"https:\/\/tulitu.eu\/wp\/index.php?rest_route=%2Fwp%2Fv2%2Ftags&post=350"}],"curies":[{"name":"wp","href":"https:\/\/api.w.org\/{rel}","templated":true}]}}