{"id":341,"date":"2016-01-10T12:53:41","date_gmt":"2016-01-10T12:53:41","guid":{"rendered":"http:\/\/tulitu.eu\/wp\/?p=341"},"modified":"2016-01-10T12:53:41","modified_gmt":"2016-01-10T12:53:41","slug":"samedi-30-janvier-a-partir-de-14h-tulitu-aura-un-stand-au-point-culture-de-bruxelles-dans-le-cadre-de-la-journee-feministe-toi-meme","status":"publish","type":"post","link":"https:\/\/tulitu.eu\/wp\/?p=341","title":{"rendered":"Samedi 30 janvier \u00e0 partir de 14h &#8211; TULITU aura un stand au Point Culture de Bruxelles dans le cadre de la Journ\u00e9e f\u00e9ministe toi-m\u00eame"},"content":{"rendered":"<p><a href=\"http:\/\/tulitu.eu\/wp\/wp-content\/uploads\/2016\/01\/f\u00e9ministetoimeme.jpg\"><img loading=\"lazy\" decoding=\"async\" class=\"alignnone size-medium wp-image-342\" src=\"http:\/\/tulitu.eu\/wp\/wp-content\/uploads\/2016\/01\/f\u00e9ministetoimeme-223x300.jpg\" alt=\"f\u00e9ministetoimeme\" width=\"223\" height=\"300\" srcset=\"https:\/\/tulitu.eu\/wp\/wp-content\/uploads\/2016\/01\/f\u00e9ministetoimeme-223x300.jpg 223w, https:\/\/tulitu.eu\/wp\/wp-content\/uploads\/2016\/01\/f\u00e9ministetoimeme.jpg 520w\" sizes=\"auto, (max-width: 223px) 100vw, 223px\" \/><\/a><\/p>\n<p><span class=\"fsl\">TULITU aura un stand au mini salon des militances inventives, concoct\u00e9 par une quinzaine d\u2019associations : des ateliers pour tous les \u00e2ges, ludiques et r\u00e9flexifs ; un laboratoire vid\u00e9o o\u00f9 se construit une intelligence collective du f\u00e9minisme ; du cin\u00e9ma ; un bar convivial o\u00f9 multiplier les rencontres.<\/p>\n<p>Le programme<\/p>\n<p>&#8211; 14h-15h50: la Ruelle: Bousculons les st\u00e9r\u00e9otypes<br \/>\nReconstruction de contes traditionnels avec des enfants (histoire et illustration de l\u2019histoire avec de la p\u00e2te de r\u00eave). Atelier pour enfants de 6 \u00e0 12 ans (inscription possible sur place<br \/>\n&#8211; 14h-15h: Femmes pr\u00e9voyantes socialistes: la ligne du temps<br \/>\nLes f\u00e9ministes \u00e0 travers les \u00e2ge.<br \/>\n&#8211; 15h-15h30\/ 18h-18h30: AWSA.be \u2013 D\u00e9couvrir les f<span class=\"text_exposed_show\">\u00e9ministes arabes<br \/>\nA partir de fiches portraits, de lignes du temps et de cartes, AWSA-Be vous invite \u00e0 d\u00e9couvrir le f\u00e9minisme du monde arabe. Faites connaissance avec de grandes f\u00e9ministes et l\u2019\u00e9volution des droits des femmes !<br \/>\n&#8211; 15h30-17h30 axelle magazine (sous r\u00e9serve): Toutes ces femmes invisibles dans les m\u00e9dias<br \/>\nAteliers cr\u00e9atifs : d\u00e9cryptage et reconstruction d\u2019un magazine. D\u00e9bat avec des professionnel.le.s des m\u00e9dias.<br \/>\n&#8211; 16h-18h: Lilith+Ir\u00e8ne Kaufer (non mixte, ferm\u00e9): atelier activisme<br \/>\nLe f\u00e9minisme, ce sont aussi des actions r\u00e9alis\u00e9es \u00e0 quelques-unes, et qui marquent pourtant les esprits. A (re)d\u00e9couvrir, peut-\u00eatre m\u00eame \u00e0 pratiquer, avec les Liliths, dans cet atelier (non mixte) anim\u00e9 par Ir\u00e8ne Kaufer. (Sur inscription)<br \/>\n&#8211; 18h00-19h00 : Radio Panik \u2013 \u201cChroniques mutantes\u201d<br \/>\nEn direct, une \u00e9mission queer et f\u00e9ministe.<br \/>\n&#8211; 18h30-19h30h: Ligeer asbl \u2013 D\u00e9couvrir les f\u00e9ministes d\u2019Afrique<br \/>\nLectures accompagn\u00e9es \u00e0 la kora<br \/>\n&#8211; 19h30: Ap\u00e9ro f\u00e9ministe\/ Remise du Prix du public pour le concours d\u2019affiche\/ pr\u00e9sentation du travail de Julie Carlier<\/p>\n<p>Tout l\u2019apr\u00e8s-midi:<br \/>\n&#8211; Bo\u00eete \u00e0 Julie \/Julie Carlier<br \/>\nLa cin\u00e9aste installe une chambre laboratoire o\u00f9 tout le monde est invit\u00e9 \u00e0 participer \u00e0 la construction collective d\u2019un t\u00e9moignage pluriel sur le f\u00e9minisme\u2026 Le r\u00e9sultat des s\u00e9quences film\u00e9es sera diffus\u00e9 en fin de journ\u00e9e.<br \/>\n&#8211; Exposition : Concours d\u2019affiche FTM 2015<br \/>\nExposition des \u0153uvres candidates du concours de visuel \u00ab F\u00e9ministe toi-m\u00eame ! 2015 pour d\u00e9terminer le prix du public.<br \/>\n&#8211; Stand de la librairie TULITU<\/span><\/span><\/p>\n<p><span class=\"fsl\"><span class=\"text_exposed_show\"><br \/>\nUne journ\u00e9e coordonn\u00e9e par Amazone, le Centre Librex et PointCulture.<\/p>\n<p>Infos\/ r\u00e9servations: bxlcentre@pointculture.be ou 02\/ 737 19 60<\/span><\/span><\/p>\n","protected":false},"excerpt":{"rendered":"<p>TULITU aura un stand au mini salon des militances inventives, concoct\u00e9 par une quinzaine d\u2019associations : des ateliers pour tous les \u00e2ges, ludiques et r\u00e9flexifs ; un laboratoire vid\u00e9o o\u00f9 se construit une intelligence collective du f\u00e9minisme ; du cin\u00e9ma ; un bar convivial o\u00f9 multiplier les rencontres. Le programme &#8211; 14h-15h50: la Ruelle: Bousculons &hellip; <a href=\"https:\/\/tulitu.eu\/wp\/?p=341\" class=\"more-link\">Continue reading <span class=\"screen-reader-text\">Samedi 30 janvier \u00e0 partir de 14h &#8211; TULITU aura un stand au Point Culture de Bruxelles dans le cadre de la Journ\u00e9e f\u00e9ministe toi-m\u00eame<\/span> <span class=\"meta-nav\">&rarr;<\/span><\/a><\/p>\n","protected":false},"author":1,"featured_media":0,"comment_status":"open","ping_status":"open","sticky":false,"template":"","format":"standard","meta":{"footnotes":""},"categories":[1],"tags":[],"class_list":["post-341","post","type-post","status-publish","format-standard","hentry","category-non-classe"],"_links":{"self":[{"href":"https:\/\/tulitu.eu\/wp\/index.php?rest_route=\/wp\/v2\/posts\/341","targetHints":{"allow":["GET"]}}],"collection":[{"href":"https:\/\/tulitu.eu\/wp\/index.php?rest_route=\/wp\/v2\/posts"}],"about":[{"href":"https:\/\/tulitu.eu\/wp\/index.php?rest_route=\/wp\/v2\/types\/post"}],"author":[{"embeddable":true,"href":"https:\/\/tulitu.eu\/wp\/index.php?rest_route=\/wp\/v2\/users\/1"}],"replies":[{"embeddable":true,"href":"https:\/\/tulitu.eu\/wp\/index.php?rest_route=%2Fwp%2Fv2%2Fcomments&post=341"}],"version-history":[{"count":1,"href":"https:\/\/tulitu.eu\/wp\/index.php?rest_route=\/wp\/v2\/posts\/341\/revisions"}],"predecessor-version":[{"id":343,"href":"https:\/\/tulitu.eu\/wp\/index.php?rest_route=\/wp\/v2\/posts\/341\/revisions\/343"}],"wp:attachment":[{"href":"https:\/\/tulitu.eu\/wp\/index.php?rest_route=%2Fwp%2Fv2%2Fmedia&parent=341"}],"wp:term":[{"taxonomy":"category","embeddable":true,"href":"https:\/\/tulitu.eu\/wp\/index.php?rest_route=%2Fwp%2Fv2%2Fcategories&post=341"},{"taxonomy":"post_tag","embeddable":true,"href":"https:\/\/tulitu.eu\/wp\/index.php?rest_route=%2Fwp%2Fv2%2Ftags&post=341"}],"curies":[{"name":"wp","href":"https:\/\/api.w.org\/{rel}","templated":true}]}}