{"id":332,"date":"2016-01-10T12:44:14","date_gmt":"2016-01-10T12:44:14","guid":{"rendered":"http:\/\/tulitu.eu\/wp\/?p=332"},"modified":"2016-01-10T12:44:14","modified_gmt":"2016-01-10T12:44:14","slug":"jeudi-21-janvier-a-18h-a-la-bellone-presentation-du-livre-de-paul-magnette-pasolini-ou-la-raison-poetique-suivi-de-pasolini-politique","status":"publish","type":"post","link":"https:\/\/tulitu.eu\/wp\/?p=332","title":{"rendered":"Jeudi 21 janvier \u00e0 18h \u00e0 la Bellone &#8211;  Pr\u00e9sentation du livre de Paul Magnette &#8220;Pasolini ou la raison poe\u0301tique suivi de Pasolini politique&#8221;"},"content":{"rendered":"<p><a href=\"http:\/\/tulitu.eu\/wp\/wp-content\/uploads\/2016\/01\/Paul_Magnette.jpg\"><img loading=\"lazy\" decoding=\"async\" class=\"alignnone size-full wp-image-334\" src=\"http:\/\/tulitu.eu\/wp\/wp-content\/uploads\/2016\/01\/Paul_Magnette.jpg\" alt=\"Paul_Magnette\" width=\"220\" height=\"237\" \/><\/a><a href=\"http:\/\/tulitu.eu\/wp\/wp-content\/uploads\/2016\/01\/pasolini.jpg\"><img loading=\"lazy\" decoding=\"async\" class=\"alignnone size-full wp-image-333\" src=\"http:\/\/tulitu.eu\/wp\/wp-content\/uploads\/2016\/01\/pasolini.jpg\" alt=\"pasolini\" width=\"220\" height=\"220\" srcset=\"https:\/\/tulitu.eu\/wp\/wp-content\/uploads\/2016\/01\/pasolini.jpg 220w, https:\/\/tulitu.eu\/wp\/wp-content\/uploads\/2016\/01\/pasolini-150x150.jpg 150w\" sizes=\"auto, (max-width: 220px) 100vw, 220px\" \/><\/a><\/p>\n<div>Les Midis de la Po\u00e9sie, en partenariat avec La Bellone Maison du Spectacle et TULITU, organisent de 18h00 \u00e0 19h00 dans la cour int\u00e9rieure de la Bellone la sortie du livre de Paul Magnette dans la collection Essais des \u00e9ditions de l\u2019Arbre \u00e0 Paroles.<\/div>\n<div><\/div>\n<div>Cette rencontre sera anim\u00e9e par David Courier.<\/div>\n","protected":false},"excerpt":{"rendered":"<p>Les Midis de la Po\u00e9sie, en partenariat avec La Bellone Maison du Spectacle et TULITU, organisent de 18h00 \u00e0 19h00 dans la cour int\u00e9rieure de la Bellone la sortie du livre de Paul Magnette dans la collection Essais des \u00e9ditions de l\u2019Arbre \u00e0 Paroles. Cette rencontre sera anim\u00e9e par David Courier.<\/p>\n","protected":false},"author":1,"featured_media":0,"comment_status":"open","ping_status":"open","sticky":false,"template":"","format":"standard","meta":{"footnotes":""},"categories":[2],"tags":[],"class_list":["post-332","post","type-post","status-publish","format-standard","hentry","category-agenda"],"_links":{"self":[{"href":"https:\/\/tulitu.eu\/wp\/index.php?rest_route=\/wp\/v2\/posts\/332","targetHints":{"allow":["GET"]}}],"collection":[{"href":"https:\/\/tulitu.eu\/wp\/index.php?rest_route=\/wp\/v2\/posts"}],"about":[{"href":"https:\/\/tulitu.eu\/wp\/index.php?rest_route=\/wp\/v2\/types\/post"}],"author":[{"embeddable":true,"href":"https:\/\/tulitu.eu\/wp\/index.php?rest_route=\/wp\/v2\/users\/1"}],"replies":[{"embeddable":true,"href":"https:\/\/tulitu.eu\/wp\/index.php?rest_route=%2Fwp%2Fv2%2Fcomments&post=332"}],"version-history":[{"count":1,"href":"https:\/\/tulitu.eu\/wp\/index.php?rest_route=\/wp\/v2\/posts\/332\/revisions"}],"predecessor-version":[{"id":335,"href":"https:\/\/tulitu.eu\/wp\/index.php?rest_route=\/wp\/v2\/posts\/332\/revisions\/335"}],"wp:attachment":[{"href":"https:\/\/tulitu.eu\/wp\/index.php?rest_route=%2Fwp%2Fv2%2Fmedia&parent=332"}],"wp:term":[{"taxonomy":"category","embeddable":true,"href":"https:\/\/tulitu.eu\/wp\/index.php?rest_route=%2Fwp%2Fv2%2Fcategories&post=332"},{"taxonomy":"post_tag","embeddable":true,"href":"https:\/\/tulitu.eu\/wp\/index.php?rest_route=%2Fwp%2Fv2%2Ftags&post=332"}],"curies":[{"name":"wp","href":"https:\/\/api.w.org\/{rel}","templated":true}]}}