{"id":329,"date":"2016-01-09T14:53:15","date_gmt":"2016-01-09T14:53:15","guid":{"rendered":"http:\/\/tulitu.eu\/wp\/?p=329"},"modified":"2016-01-10T13:12:10","modified_gmt":"2016-01-10T13:12:10","slug":"jeudi-14-janvier-a-19h-rencontre-avec-les-auteures-aliette-griz-et-veronique-janzyk","status":"publish","type":"post","link":"https:\/\/tulitu.eu\/wp\/?p=329","title":{"rendered":"Jeudi 14 janvier \u00e0 19h &#8211; Rencontre avec les auteures Aliette Griz et V\u00e9ronique Janzyk"},"content":{"rendered":"<p><a href=\"http:\/\/tulitu.eu\/wp\/wp-content\/uploads\/2016\/01\/onlit.jpg\"><img loading=\"lazy\" decoding=\"async\" class=\"alignnone size-medium wp-image-330\" src=\"http:\/\/tulitu.eu\/wp\/wp-content\/uploads\/2016\/01\/onlit-224x300.jpg\" alt=\"onlit\" width=\"224\" height=\"300\" srcset=\"https:\/\/tulitu.eu\/wp\/wp-content\/uploads\/2016\/01\/onlit-224x300.jpg 224w, https:\/\/tulitu.eu\/wp\/wp-content\/uploads\/2016\/01\/onlit.jpg 717w\" sizes=\"auto, (max-width: 224px) 100vw, 224px\" \/><\/a><\/p>\n<p><span class=\"fsl\">Venez boire un verre et rencontrer Aliette Griz et V\u00e9ronique Janzyk \u00e0 la librairie TULITU ce jeudi 14 janvier 2016 !<\/span><\/p>\n<p>David Courier (journaliste T\u00e9l\u00e9 Bruxelles) leur posera quelques questions \u00e0 propos de leur nouveau roman &#8220;Les fant\u00f4mes sont des pi\u00e9tons comme les autres&#8221; et &#8220;Le Vampire de Clichy&#8221;, publi\u00e9s r\u00e9cemment chez Onlit Editions.<\/p>\n<p>&nbsp;<\/p>\n<p>&nbsp;<\/p>\n<p>&nbsp;<\/p>\n<p>&nbsp;<\/p>\n<p>&nbsp;<\/p>\n<p>&nbsp;<\/p>\n","protected":false},"excerpt":{"rendered":"<p>Venez boire un verre et rencontrer Aliette Griz et V\u00e9ronique Janzyk \u00e0 la librairie TULITU ce jeudi 14 janvier 2016 ! David Courier (journaliste T\u00e9l\u00e9 Bruxelles) leur posera quelques questions \u00e0 propos de leur nouveau roman &#8220;Les fant\u00f4mes sont des pi\u00e9tons comme les autres&#8221; et &#8220;Le Vampire de Clichy&#8221;, publi\u00e9s r\u00e9cemment chez Onlit Editions. &nbsp; &hellip; <a href=\"https:\/\/tulitu.eu\/wp\/?p=329\" class=\"more-link\">Continue reading <span class=\"screen-reader-text\">Jeudi 14 janvier \u00e0 19h &#8211; Rencontre avec les auteures Aliette Griz et V\u00e9ronique Janzyk<\/span> <span class=\"meta-nav\">&rarr;<\/span><\/a><\/p>\n","protected":false},"author":1,"featured_media":0,"comment_status":"open","ping_status":"open","sticky":false,"template":"","format":"standard","meta":{"footnotes":""},"categories":[1],"tags":[],"class_list":["post-329","post","type-post","status-publish","format-standard","hentry","category-non-classe"],"_links":{"self":[{"href":"https:\/\/tulitu.eu\/wp\/index.php?rest_route=\/wp\/v2\/posts\/329","targetHints":{"allow":["GET"]}}],"collection":[{"href":"https:\/\/tulitu.eu\/wp\/index.php?rest_route=\/wp\/v2\/posts"}],"about":[{"href":"https:\/\/tulitu.eu\/wp\/index.php?rest_route=\/wp\/v2\/types\/post"}],"author":[{"embeddable":true,"href":"https:\/\/tulitu.eu\/wp\/index.php?rest_route=\/wp\/v2\/users\/1"}],"replies":[{"embeddable":true,"href":"https:\/\/tulitu.eu\/wp\/index.php?rest_route=%2Fwp%2Fv2%2Fcomments&post=329"}],"version-history":[{"count":2,"href":"https:\/\/tulitu.eu\/wp\/index.php?rest_route=\/wp\/v2\/posts\/329\/revisions"}],"predecessor-version":[{"id":345,"href":"https:\/\/tulitu.eu\/wp\/index.php?rest_route=\/wp\/v2\/posts\/329\/revisions\/345"}],"wp:attachment":[{"href":"https:\/\/tulitu.eu\/wp\/index.php?rest_route=%2Fwp%2Fv2%2Fmedia&parent=329"}],"wp:term":[{"taxonomy":"category","embeddable":true,"href":"https:\/\/tulitu.eu\/wp\/index.php?rest_route=%2Fwp%2Fv2%2Fcategories&post=329"},{"taxonomy":"post_tag","embeddable":true,"href":"https:\/\/tulitu.eu\/wp\/index.php?rest_route=%2Fwp%2Fv2%2Ftags&post=329"}],"curies":[{"name":"wp","href":"https:\/\/api.w.org\/{rel}","templated":true}]}}