{"id":310,"date":"2015-11-27T14:24:08","date_gmt":"2015-11-27T14:24:08","guid":{"rendered":"http:\/\/tulitu.eu\/wp\/?p=310"},"modified":"2015-12-07T14:02:58","modified_gmt":"2015-12-07T14:02:58","slug":"samedi-12-decembre-a-19h-soiree-contes-dhiver","status":"publish","type":"post","link":"https:\/\/tulitu.eu\/wp\/?p=310","title":{"rendered":"Samedi 12 d\u00e9cembre \u00e0 19h &#8211; Soir\u00e9e Contes d\u2019hiver"},"content":{"rendered":"<p>Soir\u00e9e Contes d\u2019hiver ! Lecture d\u2019extraits de livres choisis par TULITU par des com\u00e9diens qui abordent l&#8217;hiver sous diff\u00e9rents angles. Du r\u00eave, des paysages enneig\u00e9s de la chaleur ! Venez assister \u00e0 ce spectacle ludique in\u00e9dit con\u00e7u pour TULITU par le com\u00e9dien Emmanuel De Candido.<\/p>\n<p><a href=\"http:\/\/tulitu.eu\/wp\/wp-content\/uploads\/2015\/11\/manu.jpg\"><img loading=\"lazy\" decoding=\"async\" class=\"alignnone size-medium wp-image-318\" src=\"http:\/\/tulitu.eu\/wp\/wp-content\/uploads\/2015\/11\/manu-300x208.jpg\" alt=\"manu\" width=\"300\" height=\"208\" srcset=\"https:\/\/tulitu.eu\/wp\/wp-content\/uploads\/2015\/11\/manu-300x208.jpg 300w, https:\/\/tulitu.eu\/wp\/wp-content\/uploads\/2015\/11\/manu-1024x709.jpg 1024w, https:\/\/tulitu.eu\/wp\/wp-content\/uploads\/2015\/11\/manu.jpg 2048w\" sizes=\"auto, (max-width: 300px) 100vw, 300px\" \/><\/a><\/p>\n","protected":false},"excerpt":{"rendered":"<p>Soir\u00e9e Contes d\u2019hiver ! Lecture d\u2019extraits de livres choisis par TULITU par des com\u00e9diens qui abordent l&#8217;hiver sous diff\u00e9rents angles. Du r\u00eave, des paysages enneig\u00e9s de la chaleur ! Venez assister \u00e0 ce spectacle ludique in\u00e9dit con\u00e7u pour TULITU par le com\u00e9dien Emmanuel De Candido.<\/p>\n","protected":false},"author":1,"featured_media":0,"comment_status":"open","ping_status":"open","sticky":false,"template":"","format":"standard","meta":{"footnotes":""},"categories":[2],"tags":[],"class_list":["post-310","post","type-post","status-publish","format-standard","hentry","category-agenda"],"_links":{"self":[{"href":"https:\/\/tulitu.eu\/wp\/index.php?rest_route=\/wp\/v2\/posts\/310","targetHints":{"allow":["GET"]}}],"collection":[{"href":"https:\/\/tulitu.eu\/wp\/index.php?rest_route=\/wp\/v2\/posts"}],"about":[{"href":"https:\/\/tulitu.eu\/wp\/index.php?rest_route=\/wp\/v2\/types\/post"}],"author":[{"embeddable":true,"href":"https:\/\/tulitu.eu\/wp\/index.php?rest_route=\/wp\/v2\/users\/1"}],"replies":[{"embeddable":true,"href":"https:\/\/tulitu.eu\/wp\/index.php?rest_route=%2Fwp%2Fv2%2Fcomments&post=310"}],"version-history":[{"count":3,"href":"https:\/\/tulitu.eu\/wp\/index.php?rest_route=\/wp\/v2\/posts\/310\/revisions"}],"predecessor-version":[{"id":320,"href":"https:\/\/tulitu.eu\/wp\/index.php?rest_route=\/wp\/v2\/posts\/310\/revisions\/320"}],"wp:attachment":[{"href":"https:\/\/tulitu.eu\/wp\/index.php?rest_route=%2Fwp%2Fv2%2Fmedia&parent=310"}],"wp:term":[{"taxonomy":"category","embeddable":true,"href":"https:\/\/tulitu.eu\/wp\/index.php?rest_route=%2Fwp%2Fv2%2Fcategories&post=310"},{"taxonomy":"post_tag","embeddable":true,"href":"https:\/\/tulitu.eu\/wp\/index.php?rest_route=%2Fwp%2Fv2%2Ftags&post=310"}],"curies":[{"name":"wp","href":"https:\/\/api.w.org\/{rel}","templated":true}]}}