{"id":3027,"date":"2026-04-28T13:09:34","date_gmt":"2026-04-28T13:09:34","guid":{"rendered":"https:\/\/tulitu.eu\/wp\/?p=3027"},"modified":"2026-04-28T13:14:41","modified_gmt":"2026-04-28T13:14:41","slug":"jeudi-28-mai-a-19h-rencontre-avec-liza-hammar","status":"publish","type":"post","link":"https:\/\/tulitu.eu\/wp\/?p=3027","title":{"rendered":"Jeudi 28 mai \u00e0 19h Rencontre avec \u00a0Liza Hammar"},"content":{"rendered":"\n<figure class=\"wp-block-image size-large is-resized\"><a href=\"https:\/\/tulitu.eu\/wp\/wp-content\/uploads\/2026\/04\/COUV_LIZAHAMMAR_DARONNES.jpg\"><img loading=\"lazy\" decoding=\"async\" width=\"683\" height=\"1024\" src=\"https:\/\/tulitu.eu\/wp\/wp-content\/uploads\/2026\/04\/COUV_LIZAHAMMAR_DARONNES-683x1024.jpg\" alt=\"\" class=\"wp-image-3028\" style=\"aspect-ratio:0.6670063945555866;width:169px;height:auto\" srcset=\"https:\/\/tulitu.eu\/wp\/wp-content\/uploads\/2026\/04\/COUV_LIZAHAMMAR_DARONNES-683x1024.jpg 683w, https:\/\/tulitu.eu\/wp\/wp-content\/uploads\/2026\/04\/COUV_LIZAHAMMAR_DARONNES-200x300.jpg 200w, https:\/\/tulitu.eu\/wp\/wp-content\/uploads\/2026\/04\/COUV_LIZAHAMMAR_DARONNES-768x1152.jpg 768w, https:\/\/tulitu.eu\/wp\/wp-content\/uploads\/2026\/04\/COUV_LIZAHAMMAR_DARONNES-1024x1536.jpg 1024w, https:\/\/tulitu.eu\/wp\/wp-content\/uploads\/2026\/04\/COUV_LIZAHAMMAR_DARONNES-1365x2048.jpg 1365w, https:\/\/tulitu.eu\/wp\/wp-content\/uploads\/2026\/04\/COUV_LIZAHAMMAR_DARONNES.jpg 1535w\" sizes=\"auto, (max-width: 683px) 100vw, 683px\" \/><\/a><\/figure>\n\n\n\n<p>Pour r\u00e9server : <a href=\"https:\/\/www.eventbrite.be\/e\/rencontre-avec-liza-hammar-tickets-1988400555588?aff=oddtdtcreator\">https:\/\/www.eventbrite.be\/e\/rencontre-avec-liza-hammar-tickets-1988400555588?aff=oddtdtcreator<\/a><\/p>\n\n\n\n<p>Bienvenue \u00e0 Liza Hammar pour une rencontre autour de son livre <em>Le hijab, leur obsession et nous<\/em> paru aux Editions Daronnes.<\/p>\n\n\n\n<p>Partout, on assiste \u00e0 une radicalisation de l\u2019islamophobie, avec ses contours virilistes et complotistes et son nationalisme acerbe, souvent violent, voire g\u00e9nocidaire. Contre le fantasme essentialiste visant la domination des corps et des pens\u00e9es des femmes musulmanes, Liza Hammar oppose l\u2019exercice du libre arbitre et d\u2019agentivit\u00e9 dont elles disposent d\u00e9j\u00e0. Pour cela, elle puise autant dans son exp\u00e9rience intime que dans une litt\u00e9rature riche, aussi bien sur le plan spirituel et religieux que social et politique.<\/p>\n\n\n\n<p>Ancr\u00e9 entre la France et le Qu\u00e9bec, cet essai m\u00eale rigueur acad\u00e9mique et r\u00e9cit personnel pour interroger l\u2019obsession politique sur le hijab. Liza Hammar, chercheuse f\u00e9ministe et musulmane, propose une lecture mat\u00e9rialiste des violences syst\u00e9miques visant les femmes portant le voile. Elle explore la foi, les logiques de domination, ainsi que les impens\u00e9s du f\u00e9minisme et du progressisme. Un texte critique, nuanc\u00e9, essentiel.<\/p>\n\n\n\n<p>Liza Hammar pr\u00e9sentera son livre et ensuite Ariane Herman animera la rencontre et les questions de la salle.<\/p>\n\n\n\n<p>Avec le soutien de la<\/p>\n\n\n\n<figure class=\"wp-block-image size-large is-resized\"><a href=\"http:\/\/tulitu.eu\/wp\/wp-content\/uploads\/2024\/01\/logo-fwb-positif-vertical-1.jpg\"><img loading=\"lazy\" decoding=\"async\" width=\"1024\" height=\"982\" src=\"http:\/\/tulitu.eu\/wp\/wp-content\/uploads\/2024\/01\/logo-fwb-positif-vertical-1-1024x982.jpg\" alt=\"\" class=\"wp-image-2533\" style=\"aspect-ratio:1.0427899565675516;width:88px;height:auto\" srcset=\"https:\/\/tulitu.eu\/wp\/wp-content\/uploads\/2024\/01\/logo-fwb-positif-vertical-1-1024x982.jpg 1024w, https:\/\/tulitu.eu\/wp\/wp-content\/uploads\/2024\/01\/logo-fwb-positif-vertical-1-300x288.jpg 300w, https:\/\/tulitu.eu\/wp\/wp-content\/uploads\/2024\/01\/logo-fwb-positif-vertical-1-768x736.jpg 768w, https:\/\/tulitu.eu\/wp\/wp-content\/uploads\/2024\/01\/logo-fwb-positif-vertical-1.jpg 1382w\" sizes=\"auto, (max-width: 1024px) 100vw, 1024px\" \/><\/a><\/figure>\n\n\n\n<p><\/p>\n","protected":false},"excerpt":{"rendered":"<p>Pour r\u00e9server : https:\/\/www.eventbrite.be\/e\/rencontre-avec-liza-hammar-tickets-1988400555588?aff=oddtdtcreator Bienvenue \u00e0 Liza Hammar pour une rencontre autour de son livre Le hijab, leur obsession et nous paru aux Editions Daronnes. Partout, on assiste \u00e0 une radicalisation de l\u2019islamophobie, avec ses contours virilistes et complotistes et son nationalisme acerbe, souvent violent, voire g\u00e9nocidaire. Contre le fantasme essentialiste visant la domination des &hellip; <a href=\"https:\/\/tulitu.eu\/wp\/?p=3027\" class=\"more-link\">Continue reading <span class=\"screen-reader-text\">Jeudi 28 mai \u00e0 19h Rencontre avec \u00a0Liza Hammar<\/span> <span class=\"meta-nav\">&rarr;<\/span><\/a><\/p>\n","protected":false},"author":1,"featured_media":0,"comment_status":"open","ping_status":"open","sticky":false,"template":"","format":"standard","meta":{"footnotes":""},"categories":[2],"tags":[],"class_list":["post-3027","post","type-post","status-publish","format-standard","hentry","category-agenda"],"_links":{"self":[{"href":"https:\/\/tulitu.eu\/wp\/index.php?rest_route=\/wp\/v2\/posts\/3027","targetHints":{"allow":["GET"]}}],"collection":[{"href":"https:\/\/tulitu.eu\/wp\/index.php?rest_route=\/wp\/v2\/posts"}],"about":[{"href":"https:\/\/tulitu.eu\/wp\/index.php?rest_route=\/wp\/v2\/types\/post"}],"author":[{"embeddable":true,"href":"https:\/\/tulitu.eu\/wp\/index.php?rest_route=\/wp\/v2\/users\/1"}],"replies":[{"embeddable":true,"href":"https:\/\/tulitu.eu\/wp\/index.php?rest_route=%2Fwp%2Fv2%2Fcomments&post=3027"}],"version-history":[{"count":2,"href":"https:\/\/tulitu.eu\/wp\/index.php?rest_route=\/wp\/v2\/posts\/3027\/revisions"}],"predecessor-version":[{"id":3030,"href":"https:\/\/tulitu.eu\/wp\/index.php?rest_route=\/wp\/v2\/posts\/3027\/revisions\/3030"}],"wp:attachment":[{"href":"https:\/\/tulitu.eu\/wp\/index.php?rest_route=%2Fwp%2Fv2%2Fmedia&parent=3027"}],"wp:term":[{"taxonomy":"category","embeddable":true,"href":"https:\/\/tulitu.eu\/wp\/index.php?rest_route=%2Fwp%2Fv2%2Fcategories&post=3027"},{"taxonomy":"post_tag","embeddable":true,"href":"https:\/\/tulitu.eu\/wp\/index.php?rest_route=%2Fwp%2Fv2%2Ftags&post=3027"}],"curies":[{"name":"wp","href":"https:\/\/api.w.org\/{rel}","templated":true}]}}