{"id":274,"date":"2015-11-15T12:13:20","date_gmt":"2015-11-15T12:13:20","guid":{"rendered":"http:\/\/tulitu.eu\/wp\/?p=274"},"modified":"2015-11-15T12:13:20","modified_gmt":"2015-11-15T12:13:20","slug":"vendredi-27-novembre-a-19h-seance-de-dedicaces-des-bedeistes-violaine-leroy-et-benjamin-adam","status":"publish","type":"post","link":"https:\/\/tulitu.eu\/wp\/?p=274","title":{"rendered":"Vendredi 27 novembre \u00e0 19h &#8211; S\u00e9ance de d\u00e9dicaces des b\u00e9d\u00e9istes Violaine Leroy et Benjamin Adam"},"content":{"rendered":"<p><a href=\"http:\/\/tulitu.eu\/wp\/wp-content\/uploads\/2015\/11\/couv_violaine.jpg\"><img loading=\"lazy\" decoding=\"async\" class=\"alignnone size-medium wp-image-276\" src=\"http:\/\/tulitu.eu\/wp\/wp-content\/uploads\/2015\/11\/couv_violaine-230x300.jpg\" alt=\"couv_violaine\" width=\"230\" height=\"300\" srcset=\"https:\/\/tulitu.eu\/wp\/wp-content\/uploads\/2015\/11\/couv_violaine-230x300.jpg 230w, https:\/\/tulitu.eu\/wp\/wp-content\/uploads\/2015\/11\/couv_violaine.jpg 750w\" sizes=\"auto, (max-width: 230px) 100vw, 230px\" \/><\/a><a href=\"http:\/\/tulitu.eu\/wp\/wp-content\/uploads\/2015\/11\/couv_benjaminadam.jpg\"><img loading=\"lazy\" decoding=\"async\" class=\"alignnone size-medium wp-image-277\" src=\"http:\/\/tulitu.eu\/wp\/wp-content\/uploads\/2015\/11\/couv_benjaminadam-201x300.jpg\" alt=\"couv_benjaminadam\" width=\"201\" height=\"300\" srcset=\"https:\/\/tulitu.eu\/wp\/wp-content\/uploads\/2015\/11\/couv_benjaminadam-201x300.jpg 201w, https:\/\/tulitu.eu\/wp\/wp-content\/uploads\/2015\/11\/couv_benjaminadam-684x1024.jpg 684w, https:\/\/tulitu.eu\/wp\/wp-content\/uploads\/2015\/11\/couv_benjaminadam.jpg 750w\" sizes=\"auto, (max-width: 201px) 100vw, 201px\" \/><\/a><\/p>\n<p><span class=\"fsl\">Violaine Leroy et Benjamin Adam\u00a0 sont en tourn\u00e9e pour d\u00e9dicacer leur nouveaut\u00e9 Joker et D\u00e9rang\u00e9s paru aux \u00e9ditions de la Past\u00e8que. <\/span><\/p>\n<p><span class=\"fsl\">TULITU est heureuse de les accueillir !<\/span><\/p>\n<p><a href=\"http:\/\/tulitu.eu\/wp\/wp-content\/uploads\/2015\/11\/portait_violaine.jpg\"><img loading=\"lazy\" decoding=\"async\" class=\"alignnone size-medium wp-image-278\" src=\"http:\/\/tulitu.eu\/wp\/wp-content\/uploads\/2015\/11\/portait_violaine-219x300.jpg\" alt=\"portait_violaine\" width=\"219\" height=\"300\" srcset=\"https:\/\/tulitu.eu\/wp\/wp-content\/uploads\/2015\/11\/portait_violaine-219x300.jpg 219w, https:\/\/tulitu.eu\/wp\/wp-content\/uploads\/2015\/11\/portait_violaine-746x1024.jpg 746w, https:\/\/tulitu.eu\/wp\/wp-content\/uploads\/2015\/11\/portait_violaine.jpg 750w\" sizes=\"auto, (max-width: 219px) 100vw, 219px\" \/><\/a><a href=\"http:\/\/tulitu.eu\/wp\/wp-content\/uploads\/2015\/11\/portait_benjamin.jpg\"><img loading=\"lazy\" decoding=\"async\" class=\"alignnone size-medium wp-image-279\" src=\"http:\/\/tulitu.eu\/wp\/wp-content\/uploads\/2015\/11\/portait_benjamin-269x300.jpg\" alt=\"portait_benjamin\" width=\"269\" height=\"300\" srcset=\"https:\/\/tulitu.eu\/wp\/wp-content\/uploads\/2015\/11\/portait_benjamin-269x300.jpg 269w, https:\/\/tulitu.eu\/wp\/wp-content\/uploads\/2015\/11\/portait_benjamin.jpg 750w\" sizes=\"auto, (max-width: 269px) 100vw, 269px\" \/><\/a><\/p>\n<p>&nbsp;<\/p>\n","protected":false},"excerpt":{"rendered":"<p>Violaine Leroy et Benjamin Adam\u00a0 sont en tourn\u00e9e pour d\u00e9dicacer leur nouveaut\u00e9 Joker et D\u00e9rang\u00e9s paru aux \u00e9ditions de la Past\u00e8que. TULITU est heureuse de les accueillir ! &nbsp;<\/p>\n","protected":false},"author":1,"featured_media":0,"comment_status":"open","ping_status":"open","sticky":false,"template":"","format":"standard","meta":{"footnotes":""},"categories":[2],"tags":[],"class_list":["post-274","post","type-post","status-publish","format-standard","hentry","category-agenda"],"_links":{"self":[{"href":"https:\/\/tulitu.eu\/wp\/index.php?rest_route=\/wp\/v2\/posts\/274","targetHints":{"allow":["GET"]}}],"collection":[{"href":"https:\/\/tulitu.eu\/wp\/index.php?rest_route=\/wp\/v2\/posts"}],"about":[{"href":"https:\/\/tulitu.eu\/wp\/index.php?rest_route=\/wp\/v2\/types\/post"}],"author":[{"embeddable":true,"href":"https:\/\/tulitu.eu\/wp\/index.php?rest_route=\/wp\/v2\/users\/1"}],"replies":[{"embeddable":true,"href":"https:\/\/tulitu.eu\/wp\/index.php?rest_route=%2Fwp%2Fv2%2Fcomments&post=274"}],"version-history":[{"count":1,"href":"https:\/\/tulitu.eu\/wp\/index.php?rest_route=\/wp\/v2\/posts\/274\/revisions"}],"predecessor-version":[{"id":280,"href":"https:\/\/tulitu.eu\/wp\/index.php?rest_route=\/wp\/v2\/posts\/274\/revisions\/280"}],"wp:attachment":[{"href":"https:\/\/tulitu.eu\/wp\/index.php?rest_route=%2Fwp%2Fv2%2Fmedia&parent=274"}],"wp:term":[{"taxonomy":"category","embeddable":true,"href":"https:\/\/tulitu.eu\/wp\/index.php?rest_route=%2Fwp%2Fv2%2Fcategories&post=274"},{"taxonomy":"post_tag","embeddable":true,"href":"https:\/\/tulitu.eu\/wp\/index.php?rest_route=%2Fwp%2Fv2%2Ftags&post=274"}],"curies":[{"name":"wp","href":"https:\/\/api.w.org\/{rel}","templated":true}]}}