{"id":2724,"date":"2025-01-20T16:02:23","date_gmt":"2025-01-20T16:02:23","guid":{"rendered":"https:\/\/tulitu.eu\/wp\/?p=2724"},"modified":"2025-01-29T13:59:23","modified_gmt":"2025-01-29T13:59:23","slug":"mardi-11-fevrier-a-19h-rencontre-avec-lola-lafon","status":"publish","type":"post","link":"https:\/\/tulitu.eu\/wp\/?p=2724","title":{"rendered":"COMPLET  ! Mardi 11 f\u00e9vrier \u00e0 19h &#8211; Rencontre avec Lola Lafon"},"content":{"rendered":"\n<figure class=\"wp-block-image size-large is-resized\"><a href=\"https:\/\/tulitu.eu\/wp\/wp-content\/uploads\/2025\/01\/affiche-lola-lafon.png\"><img loading=\"lazy\" decoding=\"async\" width=\"724\" height=\"1024\" src=\"https:\/\/tulitu.eu\/wp\/wp-content\/uploads\/2025\/01\/affiche-lola-lafon-724x1024.png\" alt=\"\" class=\"wp-image-2725\" style=\"width:246px;height:auto\" srcset=\"https:\/\/tulitu.eu\/wp\/wp-content\/uploads\/2025\/01\/affiche-lola-lafon-724x1024.png 724w, https:\/\/tulitu.eu\/wp\/wp-content\/uploads\/2025\/01\/affiche-lola-lafon-212x300.png 212w, https:\/\/tulitu.eu\/wp\/wp-content\/uploads\/2025\/01\/affiche-lola-lafon-768x1086.png 768w, https:\/\/tulitu.eu\/wp\/wp-content\/uploads\/2025\/01\/affiche-lola-lafon-1086x1536.png 1086w, https:\/\/tulitu.eu\/wp\/wp-content\/uploads\/2025\/01\/affiche-lola-lafon.png 1414w\" sizes=\"auto, (max-width: 724px) 100vw, 724px\" \/><\/a><\/figure>\n\n\n\n<p><strong>R\u00e9servation indispensable<\/strong> : <a href=\"https:\/\/www.eventbrite.be\/e\/rencontre-avec-lola-lafon-tickets-1215139728639?aff=oddtdtcreator\">https:\/\/www.eventbrite.be\/e\/rencontre-avec-lola-lafon-tickets-1215139728639?aff=oddtdtcreator<\/a><\/p>\n\n\n\n<p>Bienvenue \u00e0 Lola Lafon \u00e0 l&#8217;occasion de la parution de <em>Il n&#8217;a jamais \u00e9t\u00e9 trop tard <\/em>paru aux Editions Stock.<\/p>\n\n\n\n<p>Lola Lafon fait partie des autrices incontournables pour TULITU, une autrice engag\u00e9e, f\u00e9ministe, qui analyse notre monde contemporain en lien avec l&#8217;intime. Gr\u00e2ce \u00e0 elle, nous d\u00e9couvrons des h\u00e9ro\u00efnes inoubliables.<\/p>\n\n\n\n<p>Elle aurait d\u00fb venir chez nous le 14 f\u00e9vrier 201 mais le COVID en a d\u00e9cid\u00e9 autrement.<\/p>\n\n\n\n<p>C&#8217;est pourquoi nous sommes tr\u00e8s heureuses qu&#8217;elle aie accept\u00e9 notre invitation.<\/p>\n\n\n\n<p><em>Il n&#8217;a jamais \u00e9t\u00e9 trop tard<\/em> est un recueil de chroniques couvrant l&#8217;ann\u00e9e 2023-2024, faisant le point sur l&#8217;\u00e9tat de nos vies.<\/p>\n\n\n\n<p>Quelle bonheur de retrouver sa plume qui claque, son bon sens critique, qui nous donne l&#8217;espoir de jours meilleurs.<\/p>\n\n\n\n<p>La rencontre sera anim\u00e9e par la journaliste Camille Loiseau.<\/p>\n\n\n\n<p>En partenariat avec<\/p>\n\n\n\n<figure class=\"wp-block-image size-full is-resized\"><a href=\"http:\/\/tulitu.eu\/wp\/wp-content\/uploads\/2024\/01\/logo-arthis-1.jpg\"><img loading=\"lazy\" decoding=\"async\" width=\"314\" height=\"177\" src=\"http:\/\/tulitu.eu\/wp\/wp-content\/uploads\/2024\/01\/logo-arthis-1.jpg\" alt=\"\" class=\"wp-image-2532\" style=\"width:144px;height:auto\" srcset=\"https:\/\/tulitu.eu\/wp\/wp-content\/uploads\/2024\/01\/logo-arthis-1.jpg 314w, https:\/\/tulitu.eu\/wp\/wp-content\/uploads\/2024\/01\/logo-arthis-1-300x169.jpg 300w\" sizes=\"auto, (max-width: 314px) 100vw, 314px\" \/><\/a><\/figure>\n\n\n\n<p><\/p>\n\n\n\n<p>Avec le soutien de la <\/p>\n\n\n\n<figure class=\"wp-block-image size-large is-resized\"><a href=\"http:\/\/tulitu.eu\/wp\/wp-content\/uploads\/2024\/01\/logo-fwb-positif-vertical-1.jpg\"><img loading=\"lazy\" decoding=\"async\" width=\"1024\" height=\"982\" src=\"http:\/\/tulitu.eu\/wp\/wp-content\/uploads\/2024\/01\/logo-fwb-positif-vertical-1-1024x982.jpg\" alt=\"\" class=\"wp-image-2533\" style=\"width:145px;height:auto\" srcset=\"https:\/\/tulitu.eu\/wp\/wp-content\/uploads\/2024\/01\/logo-fwb-positif-vertical-1-1024x982.jpg 1024w, https:\/\/tulitu.eu\/wp\/wp-content\/uploads\/2024\/01\/logo-fwb-positif-vertical-1-300x288.jpg 300w, https:\/\/tulitu.eu\/wp\/wp-content\/uploads\/2024\/01\/logo-fwb-positif-vertical-1-768x736.jpg 768w, https:\/\/tulitu.eu\/wp\/wp-content\/uploads\/2024\/01\/logo-fwb-positif-vertical-1.jpg 1382w\" sizes=\"auto, (max-width: 1024px) 100vw, 1024px\" \/><\/a><\/figure>\n\n\n\n<p><\/p>\n","protected":false},"excerpt":{"rendered":"<p>R\u00e9servation indispensable : https:\/\/www.eventbrite.be\/e\/rencontre-avec-lola-lafon-tickets-1215139728639?aff=oddtdtcreator Bienvenue \u00e0 Lola Lafon \u00e0 l&#8217;occasion de la parution de Il n&#8217;a jamais \u00e9t\u00e9 trop tard paru aux Editions Stock. Lola Lafon fait partie des autrices incontournables pour TULITU, une autrice engag\u00e9e, f\u00e9ministe, qui analyse notre monde contemporain en lien avec l&#8217;intime. Gr\u00e2ce \u00e0 elle, nous d\u00e9couvrons des h\u00e9ro\u00efnes inoubliables. Elle &hellip; <a href=\"https:\/\/tulitu.eu\/wp\/?p=2724\" class=\"more-link\">Continue reading <span class=\"screen-reader-text\">COMPLET  ! Mardi 11 f\u00e9vrier \u00e0 19h &#8211; Rencontre avec Lola Lafon<\/span> <span class=\"meta-nav\">&rarr;<\/span><\/a><\/p>\n","protected":false},"author":1,"featured_media":0,"comment_status":"open","ping_status":"open","sticky":false,"template":"","format":"standard","meta":{"footnotes":""},"categories":[2],"tags":[],"class_list":["post-2724","post","type-post","status-publish","format-standard","hentry","category-agenda"],"_links":{"self":[{"href":"https:\/\/tulitu.eu\/wp\/index.php?rest_route=\/wp\/v2\/posts\/2724","targetHints":{"allow":["GET"]}}],"collection":[{"href":"https:\/\/tulitu.eu\/wp\/index.php?rest_route=\/wp\/v2\/posts"}],"about":[{"href":"https:\/\/tulitu.eu\/wp\/index.php?rest_route=\/wp\/v2\/types\/post"}],"author":[{"embeddable":true,"href":"https:\/\/tulitu.eu\/wp\/index.php?rest_route=\/wp\/v2\/users\/1"}],"replies":[{"embeddable":true,"href":"https:\/\/tulitu.eu\/wp\/index.php?rest_route=%2Fwp%2Fv2%2Fcomments&post=2724"}],"version-history":[{"count":2,"href":"https:\/\/tulitu.eu\/wp\/index.php?rest_route=\/wp\/v2\/posts\/2724\/revisions"}],"predecessor-version":[{"id":2739,"href":"https:\/\/tulitu.eu\/wp\/index.php?rest_route=\/wp\/v2\/posts\/2724\/revisions\/2739"}],"wp:attachment":[{"href":"https:\/\/tulitu.eu\/wp\/index.php?rest_route=%2Fwp%2Fv2%2Fmedia&parent=2724"}],"wp:term":[{"taxonomy":"category","embeddable":true,"href":"https:\/\/tulitu.eu\/wp\/index.php?rest_route=%2Fwp%2Fv2%2Fcategories&post=2724"},{"taxonomy":"post_tag","embeddable":true,"href":"https:\/\/tulitu.eu\/wp\/index.php?rest_route=%2Fwp%2Fv2%2Ftags&post=2724"}],"curies":[{"name":"wp","href":"https:\/\/api.w.org\/{rel}","templated":true}]}}