{"id":2700,"date":"2024-11-13T14:59:14","date_gmt":"2024-11-13T14:59:14","guid":{"rendered":"https:\/\/tulitu.eu\/wp\/?p=2700"},"modified":"2024-11-13T14:59:14","modified_gmt":"2024-11-13T14:59:14","slug":"vendredi-6-decembre-de-18h-a-20h-seance-de-dedicace-avec-la-bedeiste-anne-simon","status":"publish","type":"post","link":"https:\/\/tulitu.eu\/wp\/?p=2700","title":{"rendered":"Vendredi 6 d\u00e9cembre de 18h \u00e0 20h &#8211; S\u00e9ance de d\u00e9dicace avec la b\u00e9d\u00e9iste Anne Simon"},"content":{"rendered":"\n<figure class=\"wp-block-image size-large is-resized\"><a href=\"https:\/\/tulitu.eu\/wp\/wp-content\/uploads\/2024\/11\/IMG_9496-scaled.jpg\"><img loading=\"lazy\" decoding=\"async\" src=\"https:\/\/tulitu.eu\/wp\/wp-content\/uploads\/2024\/11\/IMG_9496-768x1024.jpg\" alt=\"\" class=\"wp-image-2701\" width=\"220\" height=\"293\" srcset=\"https:\/\/tulitu.eu\/wp\/wp-content\/uploads\/2024\/11\/IMG_9496-768x1024.jpg 768w, https:\/\/tulitu.eu\/wp\/wp-content\/uploads\/2024\/11\/IMG_9496-225x300.jpg 225w, https:\/\/tulitu.eu\/wp\/wp-content\/uploads\/2024\/11\/IMG_9496-1152x1536.jpg 1152w, https:\/\/tulitu.eu\/wp\/wp-content\/uploads\/2024\/11\/IMG_9496-1536x2048.jpg 1536w, https:\/\/tulitu.eu\/wp\/wp-content\/uploads\/2024\/11\/IMG_9496-scaled.jpg 1920w\" sizes=\"auto, (max-width: 220px) 100vw, 220px\" \/><\/a><\/figure>\n\n\n\n<p><strong>Pour r\u00e9server :<\/strong> <a href=\"https:\/\/www.eventbrite.fr\/e\/seance-de-dedicace-avec-la-bedeiste-anne-simon-tickets-1082265127129?aff=oddtdtcreator\">https:\/\/www.eventbrite.fr\/e\/seance-de-dedicace-avec-la-bedeiste-anne-simon-tickets-1082265127129?aff=oddtdtcreator<\/a><\/p>\n\n\n\n<p>Bienvenue le jour de la Saint-Nicolas \u00e0 Anne Simon pour la d\u00e9dicace de son dernier album <em>HENRY, JAMES ET LES AUTRES<\/em> paru chez Misma.<\/p>\n\n\n\n<p>Dipl\u00f4m\u00e9e de l\u2019\u00c9cole Sup\u00e9rieure de l\u2019Image d\u2019Angoul\u00eame et des Arts D\u00e9coratifs de Paris,&nbsp;ANNE SIMON&nbsp;est une membre active des \u00c9ditions MISMA.<br>Elle a sign\u00e9 plusieurs biographies dessin\u00e9es chez Dargaud dont&nbsp;<em>Freud<\/em>,&nbsp;<em>Marx<\/em>&nbsp;et&nbsp;<em>Einstein<\/em>&nbsp;en collaboration avec Catherine Maier et&nbsp;<em>L\u2019Homme \u00e0 la fourrure<\/em>, avec Catherine Sauvat.<br>Elle est \u00e9galement illustratrice pour la presse et l\u2019\u00e9dition jeunesse.<\/p>\n\n\n\n<p>On adooooooooore sa s\u00e9rie f\u00e9ministe et politique\u00a0<em>Les Contes du Maryl\u00e8ne<\/em>!<\/p>\n\n\n\n<p>Sixi\u00e8me opus des \u201cContes du Maryl\u00e8ne\u201d,\u00a0<em>HENRY, JAMES ET LES AUTRES<\/em>\u00a0est un recueil d\u2019histoires courtes qui se concentre sur des \u00e9pisodes entraper\u00e7us dans les cinq pr\u00e9c\u00e9dents ouvrages. Gr\u00e2ce aux confessions d\u2019Henry et James, Anne Simon approfondit un peu plus son univers et donne la parole aux personnages secondaires de sa s\u00e9rie.<\/p>\n\n\n\n<p>Chaque album des\u00a0<em>Contes du Maryl\u00e8ne<\/em>\u00a0peut se lire ind\u00e9pendamment des autres. <\/p>\n","protected":false},"excerpt":{"rendered":"<p>Pour r\u00e9server : https:\/\/www.eventbrite.fr\/e\/seance-de-dedicace-avec-la-bedeiste-anne-simon-tickets-1082265127129?aff=oddtdtcreator Bienvenue le jour de la Saint-Nicolas \u00e0 Anne Simon pour la d\u00e9dicace de son dernier album HENRY, JAMES ET LES AUTRES paru chez Misma. Dipl\u00f4m\u00e9e de l\u2019\u00c9cole Sup\u00e9rieure de l\u2019Image d\u2019Angoul\u00eame et des Arts D\u00e9coratifs de Paris,&nbsp;ANNE SIMON&nbsp;est une membre active des \u00c9ditions MISMA.Elle a sign\u00e9 plusieurs biographies dessin\u00e9es chez Dargaud &hellip; <a href=\"https:\/\/tulitu.eu\/wp\/?p=2700\" class=\"more-link\">Continue reading <span class=\"screen-reader-text\">Vendredi 6 d\u00e9cembre de 18h \u00e0 20h &#8211; S\u00e9ance de d\u00e9dicace avec la b\u00e9d\u00e9iste Anne Simon<\/span> <span class=\"meta-nav\">&rarr;<\/span><\/a><\/p>\n","protected":false},"author":1,"featured_media":0,"comment_status":"open","ping_status":"open","sticky":false,"template":"","format":"standard","meta":{"footnotes":""},"categories":[2],"tags":[],"class_list":["post-2700","post","type-post","status-publish","format-standard","hentry","category-agenda"],"_links":{"self":[{"href":"https:\/\/tulitu.eu\/wp\/index.php?rest_route=\/wp\/v2\/posts\/2700","targetHints":{"allow":["GET"]}}],"collection":[{"href":"https:\/\/tulitu.eu\/wp\/index.php?rest_route=\/wp\/v2\/posts"}],"about":[{"href":"https:\/\/tulitu.eu\/wp\/index.php?rest_route=\/wp\/v2\/types\/post"}],"author":[{"embeddable":true,"href":"https:\/\/tulitu.eu\/wp\/index.php?rest_route=\/wp\/v2\/users\/1"}],"replies":[{"embeddable":true,"href":"https:\/\/tulitu.eu\/wp\/index.php?rest_route=%2Fwp%2Fv2%2Fcomments&post=2700"}],"version-history":[{"count":1,"href":"https:\/\/tulitu.eu\/wp\/index.php?rest_route=\/wp\/v2\/posts\/2700\/revisions"}],"predecessor-version":[{"id":2702,"href":"https:\/\/tulitu.eu\/wp\/index.php?rest_route=\/wp\/v2\/posts\/2700\/revisions\/2702"}],"wp:attachment":[{"href":"https:\/\/tulitu.eu\/wp\/index.php?rest_route=%2Fwp%2Fv2%2Fmedia&parent=2700"}],"wp:term":[{"taxonomy":"category","embeddable":true,"href":"https:\/\/tulitu.eu\/wp\/index.php?rest_route=%2Fwp%2Fv2%2Fcategories&post=2700"},{"taxonomy":"post_tag","embeddable":true,"href":"https:\/\/tulitu.eu\/wp\/index.php?rest_route=%2Fwp%2Fv2%2Ftags&post=2700"}],"curies":[{"name":"wp","href":"https:\/\/api.w.org\/{rel}","templated":true}]}}