{"id":2693,"date":"2024-10-24T14:55:28","date_gmt":"2024-10-24T14:55:28","guid":{"rendered":"https:\/\/tulitu.eu\/wp\/?p=2693"},"modified":"2024-10-24T14:55:28","modified_gmt":"2024-10-24T14:55:28","slug":"mercredi-27-novembre-a-19h-rencontre-avec-valerie-nimal","status":"publish","type":"post","link":"https:\/\/tulitu.eu\/wp\/?p=2693","title":{"rendered":"Mercredi 27 novembre \u00e0 19h &#8211; Rencontre avec Val\u00e9rie Nimal"},"content":{"rendered":"\n<figure class=\"wp-block-image size-full is-resized\"><a href=\"https:\/\/tulitu.eu\/wp\/wp-content\/uploads\/2024\/10\/nimal-de-vins.jpg\"><img loading=\"lazy\" decoding=\"async\" src=\"https:\/\/tulitu.eu\/wp\/wp-content\/uploads\/2024\/10\/nimal-de-vins.jpg\" alt=\"\" class=\"wp-image-2694\" width=\"176\" height=\"283\" srcset=\"https:\/\/tulitu.eu\/wp\/wp-content\/uploads\/2024\/10\/nimal-de-vins.jpg 500w, https:\/\/tulitu.eu\/wp\/wp-content\/uploads\/2024\/10\/nimal-de-vins-187x300.jpg 187w\" sizes=\"auto, (max-width: 176px) 100vw, 176px\" \/><\/a><\/figure>\n\n\n\n<p><strong>Pour r\u00e9server <\/strong>: <a href=\"https:\/\/www.eventbrite.fr\/e\/rencontre-avec-valerie-nimal-tickets-1058310177229?aff=oddtdtcreator\">https:\/\/www.eventbrite.fr\/e\/rencontre-avec-valerie-nimal-tickets-1058310177229?aff=oddtdtcreator<\/a><\/p>\n\n\n\n<p>Dans le cadre de la campagne Lisez-vous le belge, bienvenue \u00e0 Val\u00e9rie Nimal \u00e0 propos de son recueil de nouvelles <em>De vins et d&#8217;all\u00e9gresses<\/em> \u00e9dit\u00e9 par Murmure des Soirs.<\/p>\n\n\n\n<p>C\u2019est au Portugal que d\u00e9bute ce livre et qu\u2019il se cl\u00f4t, au c\u0153ur d\u2019une citadelle m\u00e9di\u00e9vale et de ses vignobles. La narratrice y a trouv\u00e9 refuge sur une place nomm\u00e9e Notre-Dame-de-la-Joie. Hasards, traditions, \u00e9blouissements des sens sont les ma\u00eetres mots de ses souvenirs. Au fil de rencontres et de p\u00e9rip\u00e9ties, elle va retrouver l\u2019odorat et le go\u00fbt, mais aussi donner un sens \u00e0 ce qui n\u2019en avait plus.<br>Dans <em>De vins et d\u2019all\u00e9gresses<\/em>, on d\u00e9couvre un langage, une culture associ\u00e9e \u00e0 des traditions, des senteurs, des couleurs, des sons et des sensations.<br>Val\u00e9rie Nimal vous emm\u00e8ne sur les routes du vin au Portugal, en Italie, en France, en Croatie&#8230; Dans ces fictions, \u00e0 chaque vignoble ses joyeuses correspondances\u00a0: vin d\u2019amphores en Alentejo, plaisirs d\u2019enfance et r\u00e9sistance au Pi\u00e9mont, corridas et f\u00e9minisme en Castille, nostalgie et libert\u00e9 en Anatolie, amiti\u00e9 et pardon en Slavonie, vin orange en Loire ou vin jaune du Jura avec, en prime, une recette diabolique.<\/p>\n\n\n\n<p>Val\u00e9rie Nimal a enseign\u00e9 \u00e0 Copenhague et Bruxelles. Cr\u00e9atrice du podcast <em>les Minutes c\u00e9libataires<\/em> (Pure FM), elle a \u00e9t\u00e9 journaliste et voyageuse-blogueuse. Son roman <em>Nous ne sommes pas de mauvaises filles<\/em> (\u00e9ditions Anne Carri\u00e8re) a \u00e9t\u00e9 finaliste du prix Premi\u00e8re et du prix Saga 2019.<\/p>\n\n\n\n<p>La rencontre sera anim\u00e9e par Ariane Herman.<\/p>\n\n\n\n<p>En partenariat avec<\/p>\n\n\n\n<figure class=\"wp-block-image size-full is-resized\"><a href=\"http:\/\/tulitu.eu\/wp\/wp-content\/uploads\/2024\/01\/logo-bellonne.png\"><img loading=\"lazy\" decoding=\"async\" src=\"http:\/\/tulitu.eu\/wp\/wp-content\/uploads\/2024\/01\/logo-bellonne.png\" alt=\"\" class=\"wp-image-2537\" width=\"89\" height=\"119\"\/><\/a><\/figure>\n\n\n\n<p>Avec le soutien de la<\/p>\n\n\n\n<figure class=\"wp-block-image size-large is-resized\"><a href=\"http:\/\/tulitu.eu\/wp\/wp-content\/uploads\/2024\/01\/logo-fwb-positif-vertical-1.jpg\"><img loading=\"lazy\" decoding=\"async\" src=\"http:\/\/tulitu.eu\/wp\/wp-content\/uploads\/2024\/01\/logo-fwb-positif-vertical-1-1024x982.jpg\" alt=\"\" class=\"wp-image-2533\" width=\"83\" height=\"79\" srcset=\"https:\/\/tulitu.eu\/wp\/wp-content\/uploads\/2024\/01\/logo-fwb-positif-vertical-1-1024x982.jpg 1024w, https:\/\/tulitu.eu\/wp\/wp-content\/uploads\/2024\/01\/logo-fwb-positif-vertical-1-300x288.jpg 300w, https:\/\/tulitu.eu\/wp\/wp-content\/uploads\/2024\/01\/logo-fwb-positif-vertical-1-768x736.jpg 768w, https:\/\/tulitu.eu\/wp\/wp-content\/uploads\/2024\/01\/logo-fwb-positif-vertical-1.jpg 1382w\" sizes=\"auto, (max-width: 83px) 100vw, 83px\" \/><\/a><\/figure>\n\n\n\n<figure class=\"wp-block-image size-large is-resized\"><a href=\"https:\/\/tulitu.eu\/wp\/wp-content\/uploads\/2024\/10\/LVLB24.jpg\"><img loading=\"lazy\" decoding=\"async\" src=\"https:\/\/tulitu.eu\/wp\/wp-content\/uploads\/2024\/10\/LVLB24-1024x580.jpg\" alt=\"\" class=\"wp-image-2695\" width=\"563\" height=\"318\" srcset=\"https:\/\/tulitu.eu\/wp\/wp-content\/uploads\/2024\/10\/LVLB24-1024x580.jpg 1024w, https:\/\/tulitu.eu\/wp\/wp-content\/uploads\/2024\/10\/LVLB24-300x170.jpg 300w, https:\/\/tulitu.eu\/wp\/wp-content\/uploads\/2024\/10\/LVLB24-768x435.jpg 768w, https:\/\/tulitu.eu\/wp\/wp-content\/uploads\/2024\/10\/LVLB24.jpg 1080w\" sizes=\"auto, (max-width: 563px) 100vw, 563px\" \/><\/a><\/figure>\n","protected":false},"excerpt":{"rendered":"<p>Pour r\u00e9server : https:\/\/www.eventbrite.fr\/e\/rencontre-avec-valerie-nimal-tickets-1058310177229?aff=oddtdtcreator Dans le cadre de la campagne Lisez-vous le belge, bienvenue \u00e0 Val\u00e9rie Nimal \u00e0 propos de son recueil de nouvelles De vins et d&#8217;all\u00e9gresses \u00e9dit\u00e9 par Murmure des Soirs. C\u2019est au Portugal que d\u00e9bute ce livre et qu\u2019il se cl\u00f4t, au c\u0153ur d\u2019une citadelle m\u00e9di\u00e9vale et de ses vignobles. La narratrice &hellip; <a href=\"https:\/\/tulitu.eu\/wp\/?p=2693\" class=\"more-link\">Continue reading <span class=\"screen-reader-text\">Mercredi 27 novembre \u00e0 19h &#8211; Rencontre avec Val\u00e9rie Nimal<\/span> <span class=\"meta-nav\">&rarr;<\/span><\/a><\/p>\n","protected":false},"author":1,"featured_media":0,"comment_status":"open","ping_status":"open","sticky":false,"template":"","format":"standard","meta":{"footnotes":""},"categories":[2],"tags":[],"class_list":["post-2693","post","type-post","status-publish","format-standard","hentry","category-agenda"],"_links":{"self":[{"href":"https:\/\/tulitu.eu\/wp\/index.php?rest_route=\/wp\/v2\/posts\/2693","targetHints":{"allow":["GET"]}}],"collection":[{"href":"https:\/\/tulitu.eu\/wp\/index.php?rest_route=\/wp\/v2\/posts"}],"about":[{"href":"https:\/\/tulitu.eu\/wp\/index.php?rest_route=\/wp\/v2\/types\/post"}],"author":[{"embeddable":true,"href":"https:\/\/tulitu.eu\/wp\/index.php?rest_route=\/wp\/v2\/users\/1"}],"replies":[{"embeddable":true,"href":"https:\/\/tulitu.eu\/wp\/index.php?rest_route=%2Fwp%2Fv2%2Fcomments&post=2693"}],"version-history":[{"count":1,"href":"https:\/\/tulitu.eu\/wp\/index.php?rest_route=\/wp\/v2\/posts\/2693\/revisions"}],"predecessor-version":[{"id":2696,"href":"https:\/\/tulitu.eu\/wp\/index.php?rest_route=\/wp\/v2\/posts\/2693\/revisions\/2696"}],"wp:attachment":[{"href":"https:\/\/tulitu.eu\/wp\/index.php?rest_route=%2Fwp%2Fv2%2Fmedia&parent=2693"}],"wp:term":[{"taxonomy":"category","embeddable":true,"href":"https:\/\/tulitu.eu\/wp\/index.php?rest_route=%2Fwp%2Fv2%2Fcategories&post=2693"},{"taxonomy":"post_tag","embeddable":true,"href":"https:\/\/tulitu.eu\/wp\/index.php?rest_route=%2Fwp%2Fv2%2Ftags&post=2693"}],"curies":[{"name":"wp","href":"https:\/\/api.w.org\/{rel}","templated":true}]}}