{"id":2669,"date":"2024-10-07T13:40:48","date_gmt":"2024-10-07T13:40:48","guid":{"rendered":"https:\/\/tulitu.eu\/wp\/?p=2669"},"modified":"2024-10-24T11:28:38","modified_gmt":"2024-10-24T11:28:38","slug":"vendredi-et-samedi-9-novembre-festival-feministe-toi-meme-a-la-tour-a-plomb-a-1000-bruxelles","status":"publish","type":"post","link":"https:\/\/tulitu.eu\/wp\/?p=2669","title":{"rendered":"Vendredi ! et samedi 9 novembre &#8211; Festival F\u00e9ministe toi-m\u00eame \u00e0 la Tour \u00e0 Plomb \u00e0 1000 Bruxelles"},"content":{"rendered":"\n<figure class=\"wp-block-image size-full is-resized\"><a href=\"https:\/\/tulitu.eu\/wp\/wp-content\/uploads\/2024\/10\/305481518_579988830583296_4603722380907901164_n.jpg\"><img loading=\"lazy\" decoding=\"async\" src=\"https:\/\/tulitu.eu\/wp\/wp-content\/uploads\/2024\/10\/305481518_579988830583296_4603722380907901164_n.jpg\" alt=\"\" class=\"wp-image-2687\" width=\"182\" height=\"182\" srcset=\"https:\/\/tulitu.eu\/wp\/wp-content\/uploads\/2024\/10\/305481518_579988830583296_4603722380907901164_n.jpg 856w, https:\/\/tulitu.eu\/wp\/wp-content\/uploads\/2024\/10\/305481518_579988830583296_4603722380907901164_n-300x300.jpg 300w, https:\/\/tulitu.eu\/wp\/wp-content\/uploads\/2024\/10\/305481518_579988830583296_4603722380907901164_n-150x150.jpg 150w, https:\/\/tulitu.eu\/wp\/wp-content\/uploads\/2024\/10\/305481518_579988830583296_4603722380907901164_n-768x768.jpg 768w\" sizes=\"auto, (max-width: 182px) 100vw, 182px\" \/><\/a><\/figure>\n\n\n\n<p><strong>Rendez-vous les 8 et 9 novembre 2024 au Centre Tour \u00e0 Plomb pour la 11e \u00e9dition de notre festival pr\u00e9f\u00e9r\u00e9\u2026<\/strong><\/p>\n\n\n\n<p><strong>Avec un programme de r\u00eave <\/strong>: <a href=\"https:\/\/feministetoimeme.be\/programme-2024\/\">https:\/\/feministetoimeme.be\/programme-2024\/<\/a><\/p>\n\n\n\n<h2 class=\"wp-block-heading\">Dont : Tulitu pr\u00e9sente le samedi 9 novembre \u00e0 18h : Douce Dibondo + Gia Abrassart<\/h2>\n\n\n\n<figure class=\"wp-block-image size-large is-resized\"><a href=\"https:\/\/tulitu.eu\/wp\/wp-content\/uploads\/2024\/10\/DouceDibondo.png\"><img loading=\"lazy\" decoding=\"async\" src=\"https:\/\/tulitu.eu\/wp\/wp-content\/uploads\/2024\/10\/DouceDibondo-1024x1024.png\" alt=\"\" class=\"wp-image-2686\" width=\"253\" height=\"253\" srcset=\"https:\/\/tulitu.eu\/wp\/wp-content\/uploads\/2024\/10\/DouceDibondo-1024x1024.png 1024w, https:\/\/tulitu.eu\/wp\/wp-content\/uploads\/2024\/10\/DouceDibondo-300x300.png 300w, https:\/\/tulitu.eu\/wp\/wp-content\/uploads\/2024\/10\/DouceDibondo-150x150.png 150w, https:\/\/tulitu.eu\/wp\/wp-content\/uploads\/2024\/10\/DouceDibondo-768x768.png 768w, https:\/\/tulitu.eu\/wp\/wp-content\/uploads\/2024\/10\/DouceDibondo.png 1080w\" sizes=\"auto, (max-width: 253px) 100vw, 253px\" \/><\/a><figcaption class=\"wp-element-caption\">photo @Elijah Ndoumbe<\/figcaption><\/figure>\n\n\n\n<h2 class=\"wp-block-heading\">Rencontre (1h)<\/h2>\n\n\n\n<p>Comment dire la rage qui nous habite face aux violences structurant nos vies et nos intimit\u00e9s ? En dialogue avec la journaliste et militante d\u00e9coloniale Gia Abrassart, elle reviendra sur ses combats et ses engagements au travers de sa po\u00e9sie et ailleurs.<\/p>\n\n\n\n<p>La rencontre sera suivie d\u2019une s\u00e9ance de d\u00e9dicace.<\/p>\n\n\n\n<p>Journaliste fran\u00e7aise d\u2019origine rwandaise, militante afrof\u00e9ministe queer, Douce Dibondo est l\u2019autrice de l\u2019essai \u00abLa Charge Raciale, Vertige d\u2019un silence \u00e9crasant&#8221; (fayard) ainsi que de deux recueils de po\u00e9sie, dont le tout r\u00e9cent \u00abinfra\/seum\u00bb dont elle dit qu\u2019il est la po\u00e9sie de la col\u00e8re. Elle est cocr\u00e9atrice du podcast \u00abExtimit\u00e9\u00bb. <\/p>\n\n\n\n<p>Cr\u00e9atrice de synergies et de rencontres, Gia Abrassart est journaliste culturelle d\u00e9coloniale. Elle a port\u00e9 le projet \u00abCaf\u00e9 Congo\u00bb, co-fond\u00e9 le \u00abCollectif Warrior Poets\u00bb et co-dirig\u00e9 l\u2019ouvrage \u00abCr\u00e9er en postcolonie 2010-2015\u00bb.<\/p>\n\n\n\n<h2 class=\"wp-block-heading\"><strong>R\u00e9servation obligatoire <\/strong>: <a href=\"https:\/\/feministetoimeme.be\/tulitu-presente-douce-dibondo\/\">https:\/\/feministetoimeme.be\/tulitu-presente-douce-dibondo\/<\/a><\/h2>\n\n\n\n<p><\/p>\n","protected":false},"excerpt":{"rendered":"<p>Rendez-vous les 8 et 9 novembre 2024 au Centre Tour \u00e0 Plomb pour la 11e \u00e9dition de notre festival pr\u00e9f\u00e9r\u00e9\u2026 Avec un programme de r\u00eave : https:\/\/feministetoimeme.be\/programme-2024\/ Dont : Tulitu pr\u00e9sente le samedi 9 novembre \u00e0 18h : Douce Dibondo + Gia Abrassart Rencontre (1h) Comment dire la rage qui nous habite face aux violences &hellip; <a href=\"https:\/\/tulitu.eu\/wp\/?p=2669\" class=\"more-link\">Continue reading <span class=\"screen-reader-text\">Vendredi ! et samedi 9 novembre &#8211; Festival F\u00e9ministe toi-m\u00eame \u00e0 la Tour \u00e0 Plomb \u00e0 1000 Bruxelles<\/span> <span class=\"meta-nav\">&rarr;<\/span><\/a><\/p>\n","protected":false},"author":1,"featured_media":0,"comment_status":"open","ping_status":"open","sticky":false,"template":"","format":"standard","meta":{"footnotes":""},"categories":[2],"tags":[],"class_list":["post-2669","post","type-post","status-publish","format-standard","hentry","category-agenda"],"_links":{"self":[{"href":"https:\/\/tulitu.eu\/wp\/index.php?rest_route=\/wp\/v2\/posts\/2669","targetHints":{"allow":["GET"]}}],"collection":[{"href":"https:\/\/tulitu.eu\/wp\/index.php?rest_route=\/wp\/v2\/posts"}],"about":[{"href":"https:\/\/tulitu.eu\/wp\/index.php?rest_route=\/wp\/v2\/types\/post"}],"author":[{"embeddable":true,"href":"https:\/\/tulitu.eu\/wp\/index.php?rest_route=\/wp\/v2\/users\/1"}],"replies":[{"embeddable":true,"href":"https:\/\/tulitu.eu\/wp\/index.php?rest_route=%2Fwp%2Fv2%2Fcomments&post=2669"}],"version-history":[{"count":6,"href":"https:\/\/tulitu.eu\/wp\/index.php?rest_route=\/wp\/v2\/posts\/2669\/revisions"}],"predecessor-version":[{"id":2692,"href":"https:\/\/tulitu.eu\/wp\/index.php?rest_route=\/wp\/v2\/posts\/2669\/revisions\/2692"}],"wp:attachment":[{"href":"https:\/\/tulitu.eu\/wp\/index.php?rest_route=%2Fwp%2Fv2%2Fmedia&parent=2669"}],"wp:term":[{"taxonomy":"category","embeddable":true,"href":"https:\/\/tulitu.eu\/wp\/index.php?rest_route=%2Fwp%2Fv2%2Fcategories&post=2669"},{"taxonomy":"post_tag","embeddable":true,"href":"https:\/\/tulitu.eu\/wp\/index.php?rest_route=%2Fwp%2Fv2%2Ftags&post=2669"}],"curies":[{"name":"wp","href":"https:\/\/api.w.org\/{rel}","templated":true}]}}