{"id":2662,"date":"2024-09-24T15:24:36","date_gmt":"2024-09-24T15:24:36","guid":{"rendered":"https:\/\/tulitu.eu\/wp\/?p=2662"},"modified":"2024-10-17T13:07:46","modified_gmt":"2024-10-17T13:07:46","slug":"mercredi-23-octobre-a-18h-rencontre-avec-lautrice-mardi-forestier","status":"publish","type":"post","link":"https:\/\/tulitu.eu\/wp\/?p=2662","title":{"rendered":"Mercredi 23 octobre \u00e0 18h au Grand Hospice &#8211; Rencontre avec l&#8217;autrice Mardi Forestier"},"content":{"rendered":"\n<figure class=\"wp-block-image size-full is-resized\"><a href=\"https:\/\/tulitu.eu\/wp\/wp-content\/uploads\/2024\/09\/mardi.jpg\"><img loading=\"lazy\" decoding=\"async\" src=\"https:\/\/tulitu.eu\/wp\/wp-content\/uploads\/2024\/09\/mardi.jpg\" alt=\"\" class=\"wp-image-2663\" width=\"196\" height=\"287\" srcset=\"https:\/\/tulitu.eu\/wp\/wp-content\/uploads\/2024\/09\/mardi.jpg 660w, https:\/\/tulitu.eu\/wp\/wp-content\/uploads\/2024\/09\/mardi-205x300.jpg 205w\" sizes=\"auto, (max-width: 196px) 100vw, 196px\" \/><\/a><\/figure>\n\n\n\n<p>Pour r\u00e9server : <a href=\"https:\/\/www.eventbrite.be\/e\/rencontre-avec-lautrice-mardi-forestier-tickets-1028111147117?aff=oddtdtcreator\">https:\/\/www.eventbrite.be\/e\/rencontre-avec-lautrice-mardi-forestier-tickets-1028111147117?aff=oddtdtcreator<\/a><\/p>\n\n\n\n<p>Bienvenue \u00e0 Mardi Forestier pour une rencontre autour de son deuxi\u00e8me roman <em>Harde<\/em> publi\u00e9 aux \u00e9ditions trouble.<\/p>\n\n\n\n<p><em>Harde<\/em> est une romance revisit\u00e9e aux accents de r\u00e9cit initiatique avec les personnages de la Comedia Dell&#8217;Arte &#8211; Pierrot, Colombine et Arlequin. L&#8217;histoire d\u00e9bute dans une teinturerie produisant son propre &#8220;jaune purrey&#8221; \u00e0 partir de l&#8217;urine de vaches nourries de feuilles de mangue. Colombine y est lavandi\u00e8re aspirant \u00e0 l&#8217;envol, Pierrot utilise les pigments pour peindre. Leur qu\u00eate de libert\u00e9 les am\u00e8nera \u00e0 croiser Arlequin, fauconniaer non-binaire exaltae. Harde est un triangle amoureux joyeux o\u00f9 jeux de domination fluctuent. Ponctu\u00e9 des chansons de Beth Gordon, ce roman explore la m\u00e9tamorphose, m\u00ealant le r\u00e9alisme au merveilleux \u00e0 la mani\u00e8re de l&#8217;Orlando de Woolf ou de la fable populaire.<\/p>\n\n\n\n<p>Mardi Forestier vit et travaille \u00e0 Bruxelles, apr\u00e8s des \u00e9tudes artistiques \u00e0 l\u2019ENSBA (Lyon) et \u00e0 l\u2019ESAAA (Annecy). Son travail d\u2019\u00e9criture m\u00eale po\u00e9sie, science-fiction et imaginaire, oscillant entre prose sonore et narration. P\u00e9trie de n\u00e9ologismes, fourmillante et ornementale, son \u00e9criture vise \u00e0 anticiper le futur de la langue. En 2023, elle publie <em>Les Lichennes<\/em> (ESAAA \u00e9ditions), formidable roman d\u2019anticipation enracin\u00e9 dans les \u00e9cologies queers. Elle \u00e9crit et dirige depuis cinq ans le fanzine de po\u00e9sie Mamma Rassise et fait partie de La Satellite, collective d\u2019artistes et plateforme curatoriale bas\u00e9e \u00e0 Bruxelles, qui travaille autour des f\u00e9minismes dans la science-fiction contemporaine.<\/p>\n\n\n\n<p>La rencontre sera anim\u00e9e par Ariane Herman.<\/p>\n\n\n\n<p>La rencontre aura lieu \u00e0 la salle Gansbeek au Grand Hospice (7 rue du Grand Hospice \u00e0 1000 Bruxelles)<\/p>\n\n\n\n<p>Avec le soutien de la <\/p>\n\n\n\n<figure class=\"wp-block-image size-large is-resized\"><a href=\"http:\/\/tulitu.eu\/wp\/wp-content\/uploads\/2024\/01\/logo-fwb-positif-vertical-1.jpg\"><img loading=\"lazy\" decoding=\"async\" src=\"http:\/\/tulitu.eu\/wp\/wp-content\/uploads\/2024\/01\/logo-fwb-positif-vertical-1-1024x982.jpg\" alt=\"\" class=\"wp-image-2533\" width=\"82\" height=\"78\" srcset=\"https:\/\/tulitu.eu\/wp\/wp-content\/uploads\/2024\/01\/logo-fwb-positif-vertical-1-1024x982.jpg 1024w, https:\/\/tulitu.eu\/wp\/wp-content\/uploads\/2024\/01\/logo-fwb-positif-vertical-1-300x288.jpg 300w, https:\/\/tulitu.eu\/wp\/wp-content\/uploads\/2024\/01\/logo-fwb-positif-vertical-1-768x736.jpg 768w, https:\/\/tulitu.eu\/wp\/wp-content\/uploads\/2024\/01\/logo-fwb-positif-vertical-1.jpg 1382w\" sizes=\"auto, (max-width: 82px) 100vw, 82px\" \/><\/a><\/figure>\n","protected":false},"excerpt":{"rendered":"<p>Pour r\u00e9server : https:\/\/www.eventbrite.be\/e\/rencontre-avec-lautrice-mardi-forestier-tickets-1028111147117?aff=oddtdtcreator Bienvenue \u00e0 Mardi Forestier pour une rencontre autour de son deuxi\u00e8me roman Harde publi\u00e9 aux \u00e9ditions trouble. Harde est une romance revisit\u00e9e aux accents de r\u00e9cit initiatique avec les personnages de la Comedia Dell&#8217;Arte &#8211; Pierrot, Colombine et Arlequin. L&#8217;histoire d\u00e9bute dans une teinturerie produisant son propre &#8220;jaune purrey&#8221; \u00e0 partir &hellip; <a href=\"https:\/\/tulitu.eu\/wp\/?p=2662\" class=\"more-link\">Continue reading <span class=\"screen-reader-text\">Mercredi 23 octobre \u00e0 18h au Grand Hospice &#8211; Rencontre avec l&#8217;autrice Mardi Forestier<\/span> <span class=\"meta-nav\">&rarr;<\/span><\/a><\/p>\n","protected":false},"author":1,"featured_media":0,"comment_status":"open","ping_status":"open","sticky":false,"template":"","format":"standard","meta":{"footnotes":""},"categories":[2],"tags":[],"class_list":["post-2662","post","type-post","status-publish","format-standard","hentry","category-agenda"],"_links":{"self":[{"href":"https:\/\/tulitu.eu\/wp\/index.php?rest_route=\/wp\/v2\/posts\/2662","targetHints":{"allow":["GET"]}}],"collection":[{"href":"https:\/\/tulitu.eu\/wp\/index.php?rest_route=\/wp\/v2\/posts"}],"about":[{"href":"https:\/\/tulitu.eu\/wp\/index.php?rest_route=\/wp\/v2\/types\/post"}],"author":[{"embeddable":true,"href":"https:\/\/tulitu.eu\/wp\/index.php?rest_route=\/wp\/v2\/users\/1"}],"replies":[{"embeddable":true,"href":"https:\/\/tulitu.eu\/wp\/index.php?rest_route=%2Fwp%2Fv2%2Fcomments&post=2662"}],"version-history":[{"count":4,"href":"https:\/\/tulitu.eu\/wp\/index.php?rest_route=\/wp\/v2\/posts\/2662\/revisions"}],"predecessor-version":[{"id":2677,"href":"https:\/\/tulitu.eu\/wp\/index.php?rest_route=\/wp\/v2\/posts\/2662\/revisions\/2677"}],"wp:attachment":[{"href":"https:\/\/tulitu.eu\/wp\/index.php?rest_route=%2Fwp%2Fv2%2Fmedia&parent=2662"}],"wp:term":[{"taxonomy":"category","embeddable":true,"href":"https:\/\/tulitu.eu\/wp\/index.php?rest_route=%2Fwp%2Fv2%2Fcategories&post=2662"},{"taxonomy":"post_tag","embeddable":true,"href":"https:\/\/tulitu.eu\/wp\/index.php?rest_route=%2Fwp%2Fv2%2Ftags&post=2662"}],"curies":[{"name":"wp","href":"https:\/\/api.w.org\/{rel}","templated":true}]}}