{"id":2654,"date":"2024-09-24T14:28:26","date_gmt":"2024-09-24T14:28:26","guid":{"rendered":"https:\/\/tulitu.eu\/wp\/?p=2654"},"modified":"2024-09-24T14:32:38","modified_gmt":"2024-09-24T14:32:38","slug":"mardi-8-octobre-a-18h-rencontre-avec-lautrice-bresilienne-leticia-nascimento","status":"publish","type":"post","link":"https:\/\/tulitu.eu\/wp\/?p=2654","title":{"rendered":"Mardi 8 octobre \u00e0 18h &#8211; Rencontre avec l&#8217;autrice br\u00e9silienne Leticia Nascimento"},"content":{"rendered":"\n<figure class=\"wp-block-image size-full is-resized\"><a href=\"https:\/\/tulitu.eu\/wp\/wp-content\/uploads\/2024\/09\/letitia.jpg\"><img loading=\"lazy\" decoding=\"async\" src=\"https:\/\/tulitu.eu\/wp\/wp-content\/uploads\/2024\/09\/letitia.jpg\" alt=\"\" class=\"wp-image-2655\" width=\"216\" height=\"216\" srcset=\"https:\/\/tulitu.eu\/wp\/wp-content\/uploads\/2024\/09\/letitia.jpg 600w, https:\/\/tulitu.eu\/wp\/wp-content\/uploads\/2024\/09\/letitia-300x300.jpg 300w, https:\/\/tulitu.eu\/wp\/wp-content\/uploads\/2024\/09\/letitia-150x150.jpg 150w\" sizes=\"auto, (max-width: 216px) 100vw, 216px\" \/><\/a><\/figure>\n\n\n\n<figure class=\"wp-block-image size-full is-resized\"><a href=\"https:\/\/tulitu.eu\/wp\/wp-content\/uploads\/2024\/09\/letitia2.jpg\"><img loading=\"lazy\" decoding=\"async\" src=\"https:\/\/tulitu.eu\/wp\/wp-content\/uploads\/2024\/09\/letitia2.jpg\" alt=\"\" class=\"wp-image-2656\" width=\"292\" height=\"292\" srcset=\"https:\/\/tulitu.eu\/wp\/wp-content\/uploads\/2024\/09\/letitia2.jpg 600w, https:\/\/tulitu.eu\/wp\/wp-content\/uploads\/2024\/09\/letitia2-300x300.jpg 300w, https:\/\/tulitu.eu\/wp\/wp-content\/uploads\/2024\/09\/letitia2-150x150.jpg 150w\" sizes=\"auto, (max-width: 292px) 100vw, 292px\" \/><\/a><\/figure>\n\n\n\n<p><strong>Pour r\u00e9server :<\/strong> <a href=\"https:\/\/www.eventbrite.be\/e\/rencontre-avec-lautrice-bresilienne-leticia-nascimento-tickets-1028069512587?aff=oddtdtcreator\">https:\/\/www.eventbrite.be\/e\/rencontre-avec-lautrice-bresilienne-leticia-nascimento-tickets-1028069512587?aff=oddtdtcreator<\/a><\/p>\n\n\n\n<p>Bienvenue \u00e0 l&#8217;autrice br\u00e9silienne Leticia Nascimento pour nous parler de son livre &#8220;Le transf\u00e9minisme Genres et transidentit\u00e9s&#8221; paru aux \u00e9ditions Anacaona.<\/p>\n\n\n\n<p>Reprenant la c\u00e9l\u00e8bre confrontation\u00a0<em>Ne suis-je pas une femme ?<\/em>,  l&#8217;autrice trans Leticia Nascimento interroge :\u00a0<em>Et moi, ne puis-je pas \u00eatre une femme ?<\/em><\/p>\n\n\n\n<p>Si on ne na\u00eet pas femme mais qu\u2019on le devient, alors le transf\u00e9minisme a toute sa place dans le mouvement f\u00e9ministe.<\/p>\n\n\n\n<p>Cet essai appelle \u00e0 la reconnaissance des transidentit\u00e9s \u2013 dont la construction n\u2019est pas plus \u00ab artificielle \u00bb que l\u2019identit\u00e9 cisgenre \u2013 et s\u2019oppose aux discours pseudo-scientifiques sur la transidentit\u00e9 comme d\u00e9viance ou pathologie.<\/p>\n\n\n\n<p>D\u00e9non\u00e7ant l\u2019in\u00e9galit\u00e9 de traitement entre femmes cis et transgenres (tandis que les unes peuvent se faire refaire la poitrine comme elles l\u2019entendent, les autres doivent passer par l\u2019\u00e9valuation d\u2019\u00e9quipes multidisciplinaires), l\u2019autrice insiste sur l\u2019importance de l\u2019autod\u00e9termination (\u00ab&nbsp;<em>Nous par nous-m\u00eames !<\/em>&nbsp;\u00bb) comme marque de refus du CISt\u00e8me. Se basant sur une pens\u00e9e d\u00e9coloniale et intersectionnelle, sa r\u00e9flexion pluralise les sujettes du f\u00e9minisme, en incluant d\u2019autres corps et identit\u00e9s de genre qui ne r\u00e9pondent pas \u00e0 la binarit\u00e9 homme\/femme.<\/p>\n\n\n\n<p><strong>Leticia Nascimento<\/strong>, professeure universitaire, qui s\u2019autod\u00e9finit femme noire, grosse et trans, fait des ponts entre les diff\u00e9rents syst\u00e8mes d\u2019oppressions. Invitant \u00e0 l\u2019empathie, sa r\u00e9flexion pousse les personnes cisgenres \u00e0 s\u2019interroger sur leur identit\u00e9 et leurs privil\u00e8ges cis, tout en encourageant l\u2019empouvoirement des personnes transgenres.<\/p>\n\n\n\n<p>La rencontre sera anim\u00e9e par Ariane Herman et l&#8217;\u00e9ditrice Paula Anacaona assura l&#8217;interpr\u00e9tation.<\/p>\n\n\n\n<p>En partenariat avec <\/p>\n\n\n\n<figure class=\"wp-block-image size-full is-resized\"><a href=\"http:\/\/tulitu.eu\/wp\/wp-content\/uploads\/2024\/01\/logo-bellonne.png\"><img loading=\"lazy\" decoding=\"async\" src=\"http:\/\/tulitu.eu\/wp\/wp-content\/uploads\/2024\/01\/logo-bellonne.png\" alt=\"\" class=\"wp-image-2537\" width=\"88\" height=\"118\"\/><\/a><\/figure>\n\n\n\n<p>Avec le soutien de la <\/p>\n\n\n\n<figure class=\"wp-block-image size-large is-resized\"><a href=\"http:\/\/tulitu.eu\/wp\/wp-content\/uploads\/2024\/01\/logo-fwb-positif-vertical-1.jpg\"><img loading=\"lazy\" decoding=\"async\" src=\"http:\/\/tulitu.eu\/wp\/wp-content\/uploads\/2024\/01\/logo-fwb-positif-vertical-1-1024x982.jpg\" alt=\"\" class=\"wp-image-2533\" width=\"84\" height=\"80\" srcset=\"https:\/\/tulitu.eu\/wp\/wp-content\/uploads\/2024\/01\/logo-fwb-positif-vertical-1-1024x982.jpg 1024w, https:\/\/tulitu.eu\/wp\/wp-content\/uploads\/2024\/01\/logo-fwb-positif-vertical-1-300x288.jpg 300w, https:\/\/tulitu.eu\/wp\/wp-content\/uploads\/2024\/01\/logo-fwb-positif-vertical-1-768x736.jpg 768w, https:\/\/tulitu.eu\/wp\/wp-content\/uploads\/2024\/01\/logo-fwb-positif-vertical-1.jpg 1382w\" sizes=\"auto, (max-width: 84px) 100vw, 84px\" \/><\/a><\/figure>\n","protected":false},"excerpt":{"rendered":"<p>Pour r\u00e9server : https:\/\/www.eventbrite.be\/e\/rencontre-avec-lautrice-bresilienne-leticia-nascimento-tickets-1028069512587?aff=oddtdtcreator Bienvenue \u00e0 l&#8217;autrice br\u00e9silienne Leticia Nascimento pour nous parler de son livre &#8220;Le transf\u00e9minisme Genres et transidentit\u00e9s&#8221; paru aux \u00e9ditions Anacaona. Reprenant la c\u00e9l\u00e8bre confrontation\u00a0Ne suis-je pas une femme ?, l&#8217;autrice trans Leticia Nascimento interroge :\u00a0Et moi, ne puis-je pas \u00eatre une femme ? Si on ne na\u00eet pas femme mais &hellip; <a href=\"https:\/\/tulitu.eu\/wp\/?p=2654\" class=\"more-link\">Continue reading <span class=\"screen-reader-text\">Mardi 8 octobre \u00e0 18h &#8211; Rencontre avec l&#8217;autrice br\u00e9silienne Leticia Nascimento<\/span> <span class=\"meta-nav\">&rarr;<\/span><\/a><\/p>\n","protected":false},"author":1,"featured_media":0,"comment_status":"open","ping_status":"open","sticky":false,"template":"","format":"standard","meta":{"footnotes":""},"categories":[2],"tags":[],"class_list":["post-2654","post","type-post","status-publish","format-standard","hentry","category-agenda"],"_links":{"self":[{"href":"https:\/\/tulitu.eu\/wp\/index.php?rest_route=\/wp\/v2\/posts\/2654","targetHints":{"allow":["GET"]}}],"collection":[{"href":"https:\/\/tulitu.eu\/wp\/index.php?rest_route=\/wp\/v2\/posts"}],"about":[{"href":"https:\/\/tulitu.eu\/wp\/index.php?rest_route=\/wp\/v2\/types\/post"}],"author":[{"embeddable":true,"href":"https:\/\/tulitu.eu\/wp\/index.php?rest_route=\/wp\/v2\/users\/1"}],"replies":[{"embeddable":true,"href":"https:\/\/tulitu.eu\/wp\/index.php?rest_route=%2Fwp%2Fv2%2Fcomments&post=2654"}],"version-history":[{"count":2,"href":"https:\/\/tulitu.eu\/wp\/index.php?rest_route=\/wp\/v2\/posts\/2654\/revisions"}],"predecessor-version":[{"id":2658,"href":"https:\/\/tulitu.eu\/wp\/index.php?rest_route=\/wp\/v2\/posts\/2654\/revisions\/2658"}],"wp:attachment":[{"href":"https:\/\/tulitu.eu\/wp\/index.php?rest_route=%2Fwp%2Fv2%2Fmedia&parent=2654"}],"wp:term":[{"taxonomy":"category","embeddable":true,"href":"https:\/\/tulitu.eu\/wp\/index.php?rest_route=%2Fwp%2Fv2%2Fcategories&post=2654"},{"taxonomy":"post_tag","embeddable":true,"href":"https:\/\/tulitu.eu\/wp\/index.php?rest_route=%2Fwp%2Fv2%2Ftags&post=2654"}],"curies":[{"name":"wp","href":"https:\/\/api.w.org\/{rel}","templated":true}]}}