{"id":2646,"date":"2024-09-04T08:39:28","date_gmt":"2024-09-04T08:39:28","guid":{"rendered":"https:\/\/tulitu.eu\/wp\/?p=2646"},"modified":"2024-09-04T08:39:28","modified_gmt":"2024-09-04T08:39:28","slug":"tulitu-au-poetik-bazar-du-20-au-22-septembre-aux-halles-de-schaerbeek","status":"publish","type":"post","link":"https:\/\/tulitu.eu\/wp\/?p=2646","title":{"rendered":"<strong>TULITU au Poetik Bazar du 20 au 22 septembre aux Halles de Schaerbeek<\/strong>"},"content":{"rendered":"\n<figure class=\"wp-block-image size-large is-resized\"><a href=\"https:\/\/tulitu.eu\/wp\/wp-content\/uploads\/2024\/09\/og-poetikbazar-2024.png\"><img loading=\"lazy\" decoding=\"async\" src=\"https:\/\/tulitu.eu\/wp\/wp-content\/uploads\/2024\/09\/og-poetikbazar-2024-1024x538.png\" alt=\"\" class=\"wp-image-2647\" width=\"470\" height=\"247\" srcset=\"https:\/\/tulitu.eu\/wp\/wp-content\/uploads\/2024\/09\/og-poetikbazar-2024-1024x538.png 1024w, https:\/\/tulitu.eu\/wp\/wp-content\/uploads\/2024\/09\/og-poetikbazar-2024-300x158.png 300w, https:\/\/tulitu.eu\/wp\/wp-content\/uploads\/2024\/09\/og-poetikbazar-2024-768x403.png 768w, https:\/\/tulitu.eu\/wp\/wp-content\/uploads\/2024\/09\/og-poetikbazar-2024.png 1200w\" sizes=\"auto, (max-width: 470px) 100vw, 470px\" \/><\/a><\/figure>\n\n\n\n<p>Le Poetik Bazar, march\u00e9 de la po\u00e9sie de Bruxelles, revient pour une quatri\u00e8me \u00e9dition ces 20, 21, 22 septembre 2024 aux Halles de Schaerbeek.<br><br>TULITU tiendra le stand des maisons d&#8217;\u00e9dition qu\u00e9b\u00e9coises La Peuplade, le Quartanier, Bor\u00e9al, Le Noro\u00eet, M\u00e9moire d&#8217;encrier, Editions le Passage, Po\u00e8tes de brousse, les Herbes rouges, Hannenorak, Ta m\u00e8re, La maison en feu,la courte \u00e9chelle et Editions du Quartz.<\/p>\n\n\n\n<p><br>Venez rencontrer des autrices et des \u00e9diteurices venus du Qu\u00e9bec pour l&#8217;occasion!<br><br>Pour toutes les infos sur Poetik Bazar : <a href=\"https:\/\/www.poetikbazar.be\/fr\">https:\/\/www.poetikbazar.be\/fr<\/a><\/p>\n\n\n\n<p>Avec le soutien de Qu\u00e9bec Edition<\/p>\n","protected":false},"excerpt":{"rendered":"<p>Le Poetik Bazar, march\u00e9 de la po\u00e9sie de Bruxelles, revient pour une quatri\u00e8me \u00e9dition ces 20, 21, 22 septembre 2024 aux Halles de Schaerbeek. TULITU tiendra le stand des maisons d&#8217;\u00e9dition qu\u00e9b\u00e9coises La Peuplade, le Quartanier, Bor\u00e9al, Le Noro\u00eet, M\u00e9moire d&#8217;encrier, Editions le Passage, Po\u00e8tes de brousse, les Herbes rouges, Hannenorak, Ta m\u00e8re, La maison &hellip; <a href=\"https:\/\/tulitu.eu\/wp\/?p=2646\" class=\"more-link\">Continue reading <span class=\"screen-reader-text\"><strong>TULITU au Poetik Bazar du 20 au 22 septembre aux Halles de Schaerbeek<\/strong><\/span> <span class=\"meta-nav\">&rarr;<\/span><\/a><\/p>\n","protected":false},"author":1,"featured_media":0,"comment_status":"open","ping_status":"open","sticky":false,"template":"","format":"standard","meta":{"footnotes":""},"categories":[2],"tags":[],"class_list":["post-2646","post","type-post","status-publish","format-standard","hentry","category-agenda"],"_links":{"self":[{"href":"https:\/\/tulitu.eu\/wp\/index.php?rest_route=\/wp\/v2\/posts\/2646","targetHints":{"allow":["GET"]}}],"collection":[{"href":"https:\/\/tulitu.eu\/wp\/index.php?rest_route=\/wp\/v2\/posts"}],"about":[{"href":"https:\/\/tulitu.eu\/wp\/index.php?rest_route=\/wp\/v2\/types\/post"}],"author":[{"embeddable":true,"href":"https:\/\/tulitu.eu\/wp\/index.php?rest_route=\/wp\/v2\/users\/1"}],"replies":[{"embeddable":true,"href":"https:\/\/tulitu.eu\/wp\/index.php?rest_route=%2Fwp%2Fv2%2Fcomments&post=2646"}],"version-history":[{"count":1,"href":"https:\/\/tulitu.eu\/wp\/index.php?rest_route=\/wp\/v2\/posts\/2646\/revisions"}],"predecessor-version":[{"id":2648,"href":"https:\/\/tulitu.eu\/wp\/index.php?rest_route=\/wp\/v2\/posts\/2646\/revisions\/2648"}],"wp:attachment":[{"href":"https:\/\/tulitu.eu\/wp\/index.php?rest_route=%2Fwp%2Fv2%2Fmedia&parent=2646"}],"wp:term":[{"taxonomy":"category","embeddable":true,"href":"https:\/\/tulitu.eu\/wp\/index.php?rest_route=%2Fwp%2Fv2%2Fcategories&post=2646"},{"taxonomy":"post_tag","embeddable":true,"href":"https:\/\/tulitu.eu\/wp\/index.php?rest_route=%2Fwp%2Fv2%2Ftags&post=2646"}],"curies":[{"name":"wp","href":"https:\/\/api.w.org\/{rel}","templated":true}]}}