{"id":2636,"date":"2024-08-12T12:23:48","date_gmt":"2024-08-12T12:23:48","guid":{"rendered":"https:\/\/tulitu.eu\/wp\/?p=2636"},"modified":"2024-09-14T16:46:09","modified_gmt":"2024-09-14T16:46:09","slug":"jeudi-19-septembre-a-19h30-rencontre-avec-lautrice-yara-el-ghadban","status":"publish","type":"post","link":"https:\/\/tulitu.eu\/wp\/?p=2636","title":{"rendered":"Jeudi 19 septembre \u00e0 19h30 au Grand Hospice &#8211; Rencontre avec l&#8217;autrice Yara El-Ghadban"},"content":{"rendered":"\n<figure class=\"wp-block-image size-large is-resized\"><a href=\"https:\/\/tulitu.eu\/wp\/wp-content\/uploads\/2024\/08\/Yara-El-Ghadban_Memoire-dencrier_Marjorie-Guindon-Photographe_sept-2023.jpeg-scaled.jpg\"><img loading=\"lazy\" decoding=\"async\" src=\"https:\/\/tulitu.eu\/wp\/wp-content\/uploads\/2024\/08\/Yara-El-Ghadban_Memoire-dencrier_Marjorie-Guindon-Photographe_sept-2023.jpeg-683x1024.jpg\" alt=\"\" class=\"wp-image-2637\" width=\"179\" height=\"268\" srcset=\"https:\/\/tulitu.eu\/wp\/wp-content\/uploads\/2024\/08\/Yara-El-Ghadban_Memoire-dencrier_Marjorie-Guindon-Photographe_sept-2023.jpeg-683x1024.jpg 683w, https:\/\/tulitu.eu\/wp\/wp-content\/uploads\/2024\/08\/Yara-El-Ghadban_Memoire-dencrier_Marjorie-Guindon-Photographe_sept-2023.jpeg-200x300.jpg 200w, https:\/\/tulitu.eu\/wp\/wp-content\/uploads\/2024\/08\/Yara-El-Ghadban_Memoire-dencrier_Marjorie-Guindon-Photographe_sept-2023.jpeg-768x1152.jpg 768w, https:\/\/tulitu.eu\/wp\/wp-content\/uploads\/2024\/08\/Yara-El-Ghadban_Memoire-dencrier_Marjorie-Guindon-Photographe_sept-2023.jpeg-1024x1536.jpg 1024w, https:\/\/tulitu.eu\/wp\/wp-content\/uploads\/2024\/08\/Yara-El-Ghadban_Memoire-dencrier_Marjorie-Guindon-Photographe_sept-2023.jpeg-1366x2048.jpg 1366w, https:\/\/tulitu.eu\/wp\/wp-content\/uploads\/2024\/08\/Yara-El-Ghadban_Memoire-dencrier_Marjorie-Guindon-Photographe_sept-2023.jpeg-scaled.jpg 1707w\" sizes=\"auto, (max-width: 179px) 100vw, 179px\" \/><\/a><\/figure>\n\n\n\n<figure class=\"wp-block-image size-large is-resized\"><a href=\"https:\/\/tulitu.eu\/wp\/wp-content\/uploads\/2024\/08\/C1Danseflamants.jpg\"><img loading=\"lazy\" decoding=\"async\" src=\"https:\/\/tulitu.eu\/wp\/wp-content\/uploads\/2024\/08\/C1Danseflamants-677x1024.jpg\" alt=\"\" class=\"wp-image-2638\" width=\"177\" height=\"268\" srcset=\"https:\/\/tulitu.eu\/wp\/wp-content\/uploads\/2024\/08\/C1Danseflamants-677x1024.jpg 677w, https:\/\/tulitu.eu\/wp\/wp-content\/uploads\/2024\/08\/C1Danseflamants-198x300.jpg 198w, https:\/\/tulitu.eu\/wp\/wp-content\/uploads\/2024\/08\/C1Danseflamants-768x1162.jpg 768w, https:\/\/tulitu.eu\/wp\/wp-content\/uploads\/2024\/08\/C1Danseflamants.jpg 846w\" sizes=\"auto, (max-width: 177px) 100vw, 177px\" \/><\/a><\/figure>\n\n\n\n<p><strong>R\u00e9servation souhait\u00e9e :<\/strong> <a href=\"https:\/\/www.eventbrite.be\/e\/rencontre-avec-lautrice-yara-el-ghadban-tickets-988710849767?aff=oddtdtcreator\">https:\/\/www.eventbrite.be\/e\/rencontre-avec-lautrice-yara-el-ghadban-tickets-988710849767?aff=oddtdtcreator<\/a><\/p>\n\n\n\n<p><\/p>\n\n\n\n<p>Bienvenue \u00e0 l\u2019autrice, Yara El-Ghadban, \u00e0 l&#8217;occasion de la parution chez M\u00e9moire d&#8217;encrier de son quatri\u00e8me roman, <em>La danse des flamants roses<\/em>.<\/p>\n\n\n\n<p><br>Les mots de Yara : &#8220;J\u2019ai \u00e9crit le roman La danse des flamants roses pour mes deux filles, Kynda et Zadah. Je voulaisleur offrir l\u2019histoire avec sa beaut\u00e9 et ses blessures, mais aussi l\u2019avenir. Un avenir o\u00f9 la Palestine<br>est synonyme de vie, de toutes les possibles vies, humaine, v\u00e9g\u00e9tale, animale. Je refuse de leur<br>l\u00e9guer une plan\u00e8te mourante, gangren\u00e9e par la guerre et la haine. Comment cr\u00e9er un monde \u00e0 la<br>hauteur de nos r\u00eaves si on ne l\u2019imagine pas&nbsp;d\u2019abord&nbsp;?<br>La danse des flamants roses se d\u00e9roule en Palestine, dans la Vall\u00e9e de la mer Morte. Je voulais<br>partir du lieu le plus improbable \u2013 la Vall\u00e9e de la mer Morte \u2013 pour imaginer une nouvelle<br>soci\u00e9t\u00e9, une nouvelle vie, un lieu d\u00e9bordant de vie.<br>La danse des flamants roses fait dialoguer humains et vivants. J\u2019ai \u00e9crit en pensant \u00e0 l\u2019\u00e9crivaine<br>Vinciane Despret, avec qui je partage la conviction qu\u2019il n\u2019y aura aucun avenir pour l\u2019humanit\u00e9<br>sans les vivants. Il faut abandonner la volont\u00e9 de tout poss\u00e9der, de tout ma\u00eetriser. S\u2019int\u00e9grer<br>r\u00e9ellement au cercle des vivants afin de retrouver la langue commune de tous les vivants.<br>La danse des flamants roses est une utopie imparfaite. Je me suis inspir\u00e9e de l\u2019\u00e9crivaine Ursula<br>K. Le Guin en imaginant une utopie imparfaite, ambivalente, une utopie o\u00f9 l\u2019on accepte nos<br>failles, o\u00f9 l\u2019on vit avec le pass\u00e9, le pr\u00e9sent et l\u2019avenir. Pas de tabula rasa, ni de lieu id\u00e9al dans La<br>danse des flamants roses, mais plut\u00f4t un lieu vivant, o\u00f9 l\u2019on accueille nos fant\u00f4mes.<br>J\u2019ai imagin\u00e9 la fin pour mieux \u00e9crire le d\u00e9but. Ce roman est un d\u00e9but. J\u2019ai \u00e9crit La danse des<br>flamants roses avant la pand\u00e9mie, avant le g\u00e9nocide \u00e0 Gaza.<br>Pour moi, le temps de la litt\u00e9rature est un temps libre et absolu. Et les r\u00eaves, \u00e0 mes yeux, se<br>doivent d\u2019\u00eatre aussi libres et absolus.<br>Aucune actualit\u00e9, aucune guerre, aucune g\u00e9ographie ne pourra me dicter le monde dont je r\u00eave,<br>pour moi, pour mes enfants, pour nous.&#8221;<\/p>\n\n\n\n<p>Yara El-Ghadban est romanci\u00e8re et anthropologue. Elle est l&#8217;autrice de trois romans parus chez M\u00e9moire d&#8217;encrier : <em>L&#8217;ombre de l&#8217;olivier<\/em>, <em>le parfum de Nour<\/em> et <em>Je suis Ariel Sharon<\/em>. Elle a aussi co\u00e9crit avec Rodney Saint-Eloy l&#8217;essai <em>Les racistes n&#8217;ont jamais vu la mer<\/em>.<\/p>\n\n\n\n<p>La rencontre sera anim\u00e9e par Ariane Herman.<\/p>\n\n\n\n<p><strong>Adresse de la rencontre : Grand Hospice, salle Gansbeek Rue du Grand Hospice 7 \u00e0 1000 Bruxelles<\/strong><\/p>\n\n\n\n<p>En partenariat avec <\/p>\n\n\n\n<figure class=\"wp-block-image size-large is-resized\"><a href=\"https:\/\/tulitu.eu\/wp\/wp-content\/uploads\/2024\/08\/Logo-CEC300.jpg\"><img loading=\"lazy\" decoding=\"async\" src=\"https:\/\/tulitu.eu\/wp\/wp-content\/uploads\/2024\/08\/Logo-CEC300-675x1024.jpg\" alt=\"\" class=\"wp-image-2639\" width=\"192\" height=\"291\" srcset=\"https:\/\/tulitu.eu\/wp\/wp-content\/uploads\/2024\/08\/Logo-CEC300-675x1024.jpg 675w, https:\/\/tulitu.eu\/wp\/wp-content\/uploads\/2024\/08\/Logo-CEC300-198x300.jpg 198w, https:\/\/tulitu.eu\/wp\/wp-content\/uploads\/2024\/08\/Logo-CEC300-768x1165.jpg 768w, https:\/\/tulitu.eu\/wp\/wp-content\/uploads\/2024\/08\/Logo-CEC300-1013x1536.jpg 1013w, https:\/\/tulitu.eu\/wp\/wp-content\/uploads\/2024\/08\/Logo-CEC300.jpg 1181w\" sizes=\"auto, (max-width: 192px) 100vw, 192px\" \/><\/a><\/figure>\n\n\n\n<p>Avec le soutien de la<\/p>\n\n\n\n<figure class=\"wp-block-image size-large is-resized\"><a href=\"http:\/\/tulitu.eu\/wp\/wp-content\/uploads\/2024\/01\/logo-fwb-positif-vertical-1.jpg\"><img loading=\"lazy\" decoding=\"async\" src=\"http:\/\/tulitu.eu\/wp\/wp-content\/uploads\/2024\/01\/logo-fwb-positif-vertical-1-1024x982.jpg\" alt=\"\" class=\"wp-image-2533\" width=\"134\" height=\"128\" srcset=\"https:\/\/tulitu.eu\/wp\/wp-content\/uploads\/2024\/01\/logo-fwb-positif-vertical-1-1024x982.jpg 1024w, https:\/\/tulitu.eu\/wp\/wp-content\/uploads\/2024\/01\/logo-fwb-positif-vertical-1-300x288.jpg 300w, https:\/\/tulitu.eu\/wp\/wp-content\/uploads\/2024\/01\/logo-fwb-positif-vertical-1-768x736.jpg 768w, https:\/\/tulitu.eu\/wp\/wp-content\/uploads\/2024\/01\/logo-fwb-positif-vertical-1.jpg 1382w\" sizes=\"auto, (max-width: 134px) 100vw, 134px\" \/><\/a><\/figure>\n","protected":false},"excerpt":{"rendered":"<p>R\u00e9servation souhait\u00e9e : https:\/\/www.eventbrite.be\/e\/rencontre-avec-lautrice-yara-el-ghadban-tickets-988710849767?aff=oddtdtcreator Bienvenue \u00e0 l\u2019autrice, Yara El-Ghadban, \u00e0 l&#8217;occasion de la parution chez M\u00e9moire d&#8217;encrier de son quatri\u00e8me roman, La danse des flamants roses. Les mots de Yara : &#8220;J\u2019ai \u00e9crit le roman La danse des flamants roses pour mes deux filles, Kynda et Zadah. Je voulaisleur offrir l\u2019histoire avec sa beaut\u00e9 et &hellip; <a href=\"https:\/\/tulitu.eu\/wp\/?p=2636\" class=\"more-link\">Continue reading <span class=\"screen-reader-text\">Jeudi 19 septembre \u00e0 19h30 au Grand Hospice &#8211; Rencontre avec l&#8217;autrice Yara El-Ghadban<\/span> <span class=\"meta-nav\">&rarr;<\/span><\/a><\/p>\n","protected":false},"author":1,"featured_media":0,"comment_status":"open","ping_status":"open","sticky":false,"template":"","format":"standard","meta":{"footnotes":""},"categories":[2],"tags":[],"class_list":["post-2636","post","type-post","status-publish","format-standard","hentry","category-agenda"],"_links":{"self":[{"href":"https:\/\/tulitu.eu\/wp\/index.php?rest_route=\/wp\/v2\/posts\/2636","targetHints":{"allow":["GET"]}}],"collection":[{"href":"https:\/\/tulitu.eu\/wp\/index.php?rest_route=\/wp\/v2\/posts"}],"about":[{"href":"https:\/\/tulitu.eu\/wp\/index.php?rest_route=\/wp\/v2\/types\/post"}],"author":[{"embeddable":true,"href":"https:\/\/tulitu.eu\/wp\/index.php?rest_route=\/wp\/v2\/users\/1"}],"replies":[{"embeddable":true,"href":"https:\/\/tulitu.eu\/wp\/index.php?rest_route=%2Fwp%2Fv2%2Fcomments&post=2636"}],"version-history":[{"count":4,"href":"https:\/\/tulitu.eu\/wp\/index.php?rest_route=\/wp\/v2\/posts\/2636\/revisions"}],"predecessor-version":[{"id":2652,"href":"https:\/\/tulitu.eu\/wp\/index.php?rest_route=\/wp\/v2\/posts\/2636\/revisions\/2652"}],"wp:attachment":[{"href":"https:\/\/tulitu.eu\/wp\/index.php?rest_route=%2Fwp%2Fv2%2Fmedia&parent=2636"}],"wp:term":[{"taxonomy":"category","embeddable":true,"href":"https:\/\/tulitu.eu\/wp\/index.php?rest_route=%2Fwp%2Fv2%2Fcategories&post=2636"},{"taxonomy":"post_tag","embeddable":true,"href":"https:\/\/tulitu.eu\/wp\/index.php?rest_route=%2Fwp%2Fv2%2Ftags&post=2636"}],"curies":[{"name":"wp","href":"https:\/\/api.w.org\/{rel}","templated":true}]}}