{"id":2628,"date":"2024-06-12T15:04:31","date_gmt":"2024-06-12T15:04:31","guid":{"rendered":"https:\/\/tulitu.eu\/wp\/?p=2628"},"modified":"2024-06-12T15:04:31","modified_gmt":"2024-06-12T15:04:31","slug":"jeudi-4-juillet-a-19h-rencontre-avec-lautrice-audrey-clees","status":"publish","type":"post","link":"https:\/\/tulitu.eu\/wp\/?p=2628","title":{"rendered":"Jeudi 4 juillet \u00e0 19h &#8211; Rencontre avec l&#8217;autrice Audrey Clees"},"content":{"rendered":"\n<figure class=\"wp-block-image size-large is-resized\"><a href=\"https:\/\/tulitu.eu\/wp\/wp-content\/uploads\/2024\/06\/IMG_8206-scaled.jpg\"><img loading=\"lazy\" decoding=\"async\" src=\"https:\/\/tulitu.eu\/wp\/wp-content\/uploads\/2024\/06\/IMG_8206-768x1024.jpg\" alt=\"\" class=\"wp-image-2629\" width=\"176\" height=\"235\" srcset=\"https:\/\/tulitu.eu\/wp\/wp-content\/uploads\/2024\/06\/IMG_8206-768x1024.jpg 768w, https:\/\/tulitu.eu\/wp\/wp-content\/uploads\/2024\/06\/IMG_8206-225x300.jpg 225w, https:\/\/tulitu.eu\/wp\/wp-content\/uploads\/2024\/06\/IMG_8206-1152x1536.jpg 1152w, https:\/\/tulitu.eu\/wp\/wp-content\/uploads\/2024\/06\/IMG_8206-1536x2048.jpg 1536w, https:\/\/tulitu.eu\/wp\/wp-content\/uploads\/2024\/06\/IMG_8206-scaled.jpg 1920w\" sizes=\"auto, (max-width: 176px) 100vw, 176px\" \/><\/a><\/figure>\n\n\n\n<p><strong>Pour r\u00e9server : <\/strong><a href=\"https:\/\/www.eventbrite.be\/e\/rencontre-avec-lautrice-audrey-clees-tickets-924450585587?aff=oddtdtcreator\">https:\/\/www.eventbrite.be\/e\/rencontre-avec-lautrice-audrey-clees-tickets-924450585587?aff=oddtdtcreator<\/a><\/p>\n\n\n\n<p>Bienvenue \u00e0 Audrey Clees \u00e0 l&#8217;occasion de la parution de son premier roman <em>Seule<\/em> paru chez les \u00e9ditions Daronnes.<\/p>\n\n\n\n<p>Sophia s\u2019\u00e9veille \u00e0 Bruxelles. Seule. Le reste de la ville, et m\u00eame du monde, demeure endormi. Les jours passent et Sophia se livre dans des lettres \u00e0 ses proches toujours plong\u00e9es dans un sommeil sans fin. Il faut survivre sur les routes de Belgique et de France, mais il faut aussi se souvenir, peut-\u00eatre pour garder un peu d\u2019humanit\u00e9\u2009: l\u2019\u00e9cole catholique, l\u2019identit\u00e9 lesbienne, la sant\u00e9 mentale\u2026<\/p>\n\n\n\n<p>Un roman \u00e9pistolaire unique qui vous emm\u00e8ne dans un monde post-apocalyptique o\u00f9 la voix lesbienne r\u00e9sonne. Une lecture queer et f\u00e9ministe prenante !<\/p>\n\n\n\n<p>La rencontre sera anim\u00e9e par Ariane Herman.<\/p>\n\n\n\n<p>En partenariat avec la <\/p>\n\n\n\n<figure class=\"wp-block-image size-full is-resized\"><a href=\"http:\/\/tulitu.eu\/wp\/wp-content\/uploads\/2024\/04\/logobellone.gif\"><img loading=\"lazy\" decoding=\"async\" src=\"http:\/\/tulitu.eu\/wp\/wp-content\/uploads\/2024\/04\/logobellone.gif\" alt=\"\" class=\"wp-image-2568\" width=\"67\" height=\"105\"\/><\/a><\/figure>\n\n\n\n<p>Avec le soutien de la<\/p>\n\n\n\n<figure class=\"wp-block-image size-large is-resized\"><a href=\"http:\/\/tulitu.eu\/wp\/wp-content\/uploads\/2024\/01\/logo-fwb-positif-vertical-1.jpg\"><img loading=\"lazy\" decoding=\"async\" src=\"http:\/\/tulitu.eu\/wp\/wp-content\/uploads\/2024\/01\/logo-fwb-positif-vertical-1-1024x982.jpg\" alt=\"\" class=\"wp-image-2533\" width=\"131\" height=\"125\" srcset=\"https:\/\/tulitu.eu\/wp\/wp-content\/uploads\/2024\/01\/logo-fwb-positif-vertical-1-1024x982.jpg 1024w, https:\/\/tulitu.eu\/wp\/wp-content\/uploads\/2024\/01\/logo-fwb-positif-vertical-1-300x288.jpg 300w, https:\/\/tulitu.eu\/wp\/wp-content\/uploads\/2024\/01\/logo-fwb-positif-vertical-1-768x736.jpg 768w, https:\/\/tulitu.eu\/wp\/wp-content\/uploads\/2024\/01\/logo-fwb-positif-vertical-1.jpg 1382w\" sizes=\"auto, (max-width: 131px) 100vw, 131px\" \/><\/a><\/figure>\n","protected":false},"excerpt":{"rendered":"<p>Pour r\u00e9server : https:\/\/www.eventbrite.be\/e\/rencontre-avec-lautrice-audrey-clees-tickets-924450585587?aff=oddtdtcreator Bienvenue \u00e0 Audrey Clees \u00e0 l&#8217;occasion de la parution de son premier roman Seule paru chez les \u00e9ditions Daronnes. Sophia s\u2019\u00e9veille \u00e0 Bruxelles. Seule. Le reste de la ville, et m\u00eame du monde, demeure endormi. Les jours passent et Sophia se livre dans des lettres \u00e0 ses proches toujours plong\u00e9es dans &hellip; <a href=\"https:\/\/tulitu.eu\/wp\/?p=2628\" class=\"more-link\">Continue reading <span class=\"screen-reader-text\">Jeudi 4 juillet \u00e0 19h &#8211; Rencontre avec l&#8217;autrice Audrey Clees<\/span> <span class=\"meta-nav\">&rarr;<\/span><\/a><\/p>\n","protected":false},"author":1,"featured_media":0,"comment_status":"open","ping_status":"open","sticky":false,"template":"","format":"standard","meta":{"footnotes":""},"categories":[1],"tags":[],"class_list":["post-2628","post","type-post","status-publish","format-standard","hentry","category-non-classe"],"_links":{"self":[{"href":"https:\/\/tulitu.eu\/wp\/index.php?rest_route=\/wp\/v2\/posts\/2628","targetHints":{"allow":["GET"]}}],"collection":[{"href":"https:\/\/tulitu.eu\/wp\/index.php?rest_route=\/wp\/v2\/posts"}],"about":[{"href":"https:\/\/tulitu.eu\/wp\/index.php?rest_route=\/wp\/v2\/types\/post"}],"author":[{"embeddable":true,"href":"https:\/\/tulitu.eu\/wp\/index.php?rest_route=\/wp\/v2\/users\/1"}],"replies":[{"embeddable":true,"href":"https:\/\/tulitu.eu\/wp\/index.php?rest_route=%2Fwp%2Fv2%2Fcomments&post=2628"}],"version-history":[{"count":1,"href":"https:\/\/tulitu.eu\/wp\/index.php?rest_route=\/wp\/v2\/posts\/2628\/revisions"}],"predecessor-version":[{"id":2630,"href":"https:\/\/tulitu.eu\/wp\/index.php?rest_route=\/wp\/v2\/posts\/2628\/revisions\/2630"}],"wp:attachment":[{"href":"https:\/\/tulitu.eu\/wp\/index.php?rest_route=%2Fwp%2Fv2%2Fmedia&parent=2628"}],"wp:term":[{"taxonomy":"category","embeddable":true,"href":"https:\/\/tulitu.eu\/wp\/index.php?rest_route=%2Fwp%2Fv2%2Fcategories&post=2628"},{"taxonomy":"post_tag","embeddable":true,"href":"https:\/\/tulitu.eu\/wp\/index.php?rest_route=%2Fwp%2Fv2%2Ftags&post=2628"}],"curies":[{"name":"wp","href":"https:\/\/api.w.org\/{rel}","templated":true}]}}