{"id":2619,"date":"2024-05-27T17:06:44","date_gmt":"2024-05-27T17:06:44","guid":{"rendered":"https:\/\/tulitu.eu\/wp\/?p=2619"},"modified":"2024-05-27T17:25:39","modified_gmt":"2024-05-27T17:25:39","slug":"vendredi-28-juin-a-18h-rencontre-avec-lautrice-wendy-delorme","status":"publish","type":"post","link":"https:\/\/tulitu.eu\/wp\/?p=2619","title":{"rendered":"Vendredi 28 juin \u00e0 18h &#8211; Rencontre avec l&#8217;autrice Wendy Delorme"},"content":{"rendered":"\n<figure class=\"wp-block-image size-large is-resized\"><a href=\"https:\/\/tulitu.eu\/wp\/wp-content\/uploads\/2024\/05\/IMG_8135.jpg\"><img loading=\"lazy\" decoding=\"async\" src=\"https:\/\/tulitu.eu\/wp\/wp-content\/uploads\/2024\/05\/IMG_8135-768x1024.jpg\" alt=\"\" class=\"wp-image-2620\" width=\"212\" height=\"283\" srcset=\"https:\/\/tulitu.eu\/wp\/wp-content\/uploads\/2024\/05\/IMG_8135-768x1024.jpg 768w, https:\/\/tulitu.eu\/wp\/wp-content\/uploads\/2024\/05\/IMG_8135-225x300.jpg 225w, https:\/\/tulitu.eu\/wp\/wp-content\/uploads\/2024\/05\/IMG_8135.jpg 1080w\" sizes=\"auto, (max-width: 212px) 100vw, 212px\" \/><\/a><\/figure>\n\n\n\n<p>Pour r\u00e9server : <a href=\"https:\/\/www.eventbrite.be\/e\/rencontre-avec-wendy-delorme-tickets-914003397767?aff=oddtdtcreator\" data-type=\"URL\" data-id=\"https:\/\/www.eventbrite.be\/e\/rencontre-avec-wendy-delorme-tickets-914003397767?aff=oddtdtcreator\">https:\/\/www.eventbrite.be\/e\/rencontre-avec-wendy-delorme-tickets-914003397767?aff=oddtdtcreator<\/a><\/p>\n\n\n\n<p>Bienvenue \u00e0 Wendy Delorme pour son roman <em>Le chant de la rivi\u00e8re<\/em> paru aux \u00e9ditions Cambourakis.<br>Mais quel roman , quelle langue !!! Un r\u00e9cit alternant la voix d\u2019une rivi\u00e8re de montagne et celle d\u2019une femme aujourd\u2019hui en s\u00e9jour dans un chalet pr\u00e8s de cette rivi\u00e8re. Deux histoires d\u2019amour de femmes dans deux temporalit\u00e9s ! C\u2019est beau, c\u2019est po\u00e9tique, c\u2019est \u00e9mouvant, bref immense coup de c\u0153ur !!!<br>La rencontre sera anim\u00e9e par Ariane Herman.<\/p>\n\n\n\n<p><\/p>\n\n\n\n<p>En partenariat avec le festival Homografia<\/p>\n\n\n\n<p>Avec le soutien de la <\/p>\n\n\n\n<figure class=\"wp-block-image size-large is-resized\"><a href=\"http:\/\/tulitu.eu\/wp\/wp-content\/uploads\/2024\/01\/logo-fwb-positif-vertical-1.jpg\"><img loading=\"lazy\" decoding=\"async\" src=\"http:\/\/tulitu.eu\/wp\/wp-content\/uploads\/2024\/01\/logo-fwb-positif-vertical-1-1024x982.jpg\" alt=\"\" class=\"wp-image-2533\" width=\"131\" height=\"125\" srcset=\"https:\/\/tulitu.eu\/wp\/wp-content\/uploads\/2024\/01\/logo-fwb-positif-vertical-1-1024x982.jpg 1024w, https:\/\/tulitu.eu\/wp\/wp-content\/uploads\/2024\/01\/logo-fwb-positif-vertical-1-300x288.jpg 300w, https:\/\/tulitu.eu\/wp\/wp-content\/uploads\/2024\/01\/logo-fwb-positif-vertical-1-768x736.jpg 768w, https:\/\/tulitu.eu\/wp\/wp-content\/uploads\/2024\/01\/logo-fwb-positif-vertical-1.jpg 1382w\" sizes=\"auto, (max-width: 131px) 100vw, 131px\" \/><\/a><\/figure>\n","protected":false},"excerpt":{"rendered":"<p>Pour r\u00e9server : https:\/\/www.eventbrite.be\/e\/rencontre-avec-wendy-delorme-tickets-914003397767?aff=oddtdtcreator Bienvenue \u00e0 Wendy Delorme pour son roman Le chant de la rivi\u00e8re paru aux \u00e9ditions Cambourakis.Mais quel roman , quelle langue !!! Un r\u00e9cit alternant la voix d\u2019une rivi\u00e8re de montagne et celle d\u2019une femme aujourd\u2019hui en s\u00e9jour dans un chalet pr\u00e8s de cette rivi\u00e8re. Deux histoires d\u2019amour de femmes dans &hellip; <a href=\"https:\/\/tulitu.eu\/wp\/?p=2619\" class=\"more-link\">Continue reading <span class=\"screen-reader-text\">Vendredi 28 juin \u00e0 18h &#8211; Rencontre avec l&#8217;autrice Wendy Delorme<\/span> <span class=\"meta-nav\">&rarr;<\/span><\/a><\/p>\n","protected":false},"author":1,"featured_media":0,"comment_status":"open","ping_status":"open","sticky":false,"template":"","format":"standard","meta":{"footnotes":""},"categories":[1],"tags":[],"class_list":["post-2619","post","type-post","status-publish","format-standard","hentry","category-non-classe"],"_links":{"self":[{"href":"https:\/\/tulitu.eu\/wp\/index.php?rest_route=\/wp\/v2\/posts\/2619","targetHints":{"allow":["GET"]}}],"collection":[{"href":"https:\/\/tulitu.eu\/wp\/index.php?rest_route=\/wp\/v2\/posts"}],"about":[{"href":"https:\/\/tulitu.eu\/wp\/index.php?rest_route=\/wp\/v2\/types\/post"}],"author":[{"embeddable":true,"href":"https:\/\/tulitu.eu\/wp\/index.php?rest_route=\/wp\/v2\/users\/1"}],"replies":[{"embeddable":true,"href":"https:\/\/tulitu.eu\/wp\/index.php?rest_route=%2Fwp%2Fv2%2Fcomments&post=2619"}],"version-history":[{"count":4,"href":"https:\/\/tulitu.eu\/wp\/index.php?rest_route=\/wp\/v2\/posts\/2619\/revisions"}],"predecessor-version":[{"id":2624,"href":"https:\/\/tulitu.eu\/wp\/index.php?rest_route=\/wp\/v2\/posts\/2619\/revisions\/2624"}],"wp:attachment":[{"href":"https:\/\/tulitu.eu\/wp\/index.php?rest_route=%2Fwp%2Fv2%2Fmedia&parent=2619"}],"wp:term":[{"taxonomy":"category","embeddable":true,"href":"https:\/\/tulitu.eu\/wp\/index.php?rest_route=%2Fwp%2Fv2%2Fcategories&post=2619"},{"taxonomy":"post_tag","embeddable":true,"href":"https:\/\/tulitu.eu\/wp\/index.php?rest_route=%2Fwp%2Fv2%2Ftags&post=2619"}],"curies":[{"name":"wp","href":"https:\/\/api.w.org\/{rel}","templated":true}]}}