{"id":2613,"date":"2024-05-23T15:13:31","date_gmt":"2024-05-23T15:13:31","guid":{"rendered":"https:\/\/tulitu.eu\/wp\/?p=2613"},"modified":"2024-06-12T15:59:11","modified_gmt":"2024-06-12T15:59:11","slug":"mercredi-26-juin-a-18h-rencontre-suivie-dune-dedicace-avec-elise-thiebaut-et-ellea-bird","status":"publish","type":"post","link":"https:\/\/tulitu.eu\/wp\/?p=2613","title":{"rendered":"Mercredi 26 juin \u00e0 18h &#8211; Rencontre suivie d&#8217;une d\u00e9dicace avec Elise Thi\u00e9baut et Ell\u00e9a Bird"},"content":{"rendered":"\n<figure class=\"wp-block-image size-full is-resized\"><a href=\"https:\/\/tulitu.eu\/wp\/wp-content\/uploads\/2024\/05\/vierges-cover.jpg\"><img loading=\"lazy\" decoding=\"async\" src=\"https:\/\/tulitu.eu\/wp\/wp-content\/uploads\/2024\/05\/vierges-cover.jpg\" alt=\"\" class=\"wp-image-2614\" width=\"354\" height=\"354\" srcset=\"https:\/\/tulitu.eu\/wp\/wp-content\/uploads\/2024\/05\/vierges-cover.jpg 600w, https:\/\/tulitu.eu\/wp\/wp-content\/uploads\/2024\/05\/vierges-cover-300x300.jpg 300w, https:\/\/tulitu.eu\/wp\/wp-content\/uploads\/2024\/05\/vierges-cover-150x150.jpg 150w\" sizes=\"auto, (max-width: 354px) 100vw, 354px\" \/><\/a><\/figure>\n\n\n\n<p><strong>Pour r\u00e9server <\/strong>: <a href=\"https:\/\/www.eventbrite.be\/e\/rencontre-suivie-dune-dedicace-avec-elise-thiebaut-et-ellea-bird-tickets-912115069727?aff=oddtdtcreator\">https:\/\/www.eventbrite.be\/e\/rencontre-suivie-dune-dedicace-avec-elise-thiebaut-et-ellea-bird-tickets-912115069727?aff=oddtdtcreator<\/a><\/p>\n\n\n\n<p>Bienvenue \u00e0 Elise Thi\u00e9baut et Ell\u00e9a Bird pour une double actualit\u00e9 : <em>la BD Vierges La folle histoire de la virginit\u00e9<\/em> (Le Lombard) et <em>Ceci est mon temps<\/em>, un essai \u00e9dit\u00e9 par le Diable Vauvert.<\/p>\n\n\n\n<p>\u00a0Le Lombard \u00e0 propos de la BD <em>Vierges La folle histoire de la virginit\u00e9<\/em> :<\/p>\n\n\n\n<p>&#8220;En partant de sa propre exp\u00e9rience, \u00c9lise Thi\u00e9baut explore avec Ell\u00e9a Bird (dessinatrice) le tabou de la virginit\u00e9. Pourquoi est-il si important dans l&#8217;Histoire et dans la plupart des cultures&nbsp;? Que nous dit-il de la condition des femmes, de la sexualit\u00e9, des religions et de la science&nbsp;?<\/p>\n\n\n\n<p>Une \u00e9pop\u00e9e passionnante et dr\u00f4le, o\u00f9 se croisent les vestales romaines, la Vierge Marie, la grande Art\u00e9mis mais aussi Jeanne d&#8217;Arc et Britney Spears&nbsp;! Et qui d\u00e9voile les dessous d&#8217;un mythe toujours puissant, plus riche de sens qu&#8217;on l&#8217;imagine.&#8221;<\/p>\n\n\n\n<p>Le Diable Vauvert \u00e0 propos de l&#8217;essai <em>Ceci est mon temps<\/em> :<\/p>\n\n\n\n<p>&#8220;Sept ans apr\u00e8s <em>Ceci est mon sang<\/em>, qui pulv\u00e9risait le tabou des r\u00e8gles, \u00c9lise Thi\u00e9baut s\u2019attaque \u00e0 la m\u00e9nopause, et le moins qu\u2019on puisse dire, c\u2019est que les surprises sont encore une fois au rendez-vous. Au fil de l\u2019Histoire, des cultures et des coutumes, cet essai tr\u00e8s document\u00e9 qui se lit avec d\u00e9lectation d\u00e9voile les dessous m\u00e9connus de la m\u00e9nopause, mais aussi de l\u2019andropause. Du \u00ab deuxi\u00e8me printemps \u00bb que serait, dans la tradition chinoise, la m\u00e9nopause, aux plus r\u00e9centes p\u00e9rip\u00e9ties sur les hormones, les greffes testiculaires ou la vie des orques, on d\u00e9couvre les pouvoirs de la femelle et les racines du m\u00e2le.&#8221;<\/p>\n\n\n\n<p>\u00c9lise Thi\u00e9baut est journaliste et autrice. Elle a notamment publi\u00e9 <em>Ceci est mon sang, petite histoire des r\u00e8gles, de celles qui les ont et de ceux qui les font <\/em>en 2017 (la D\u00e9couverte), suivi de <em>Les R\u00e8gles<\/em>, <em>quelle aventure<\/em> (La Ville br\u00fble) \u00e0 destination des ados, avec Mirion Malle. Elle a ensuite publi\u00e9 en 2019 <em>Mes Anc\u00eatres les Gauloises, une autobiographie de la France<\/em> (la D\u00e9couverte), puis <em>L\u2019Amazone verte<\/em>, une biographie sur Fran\u00e7oise d\u2019Eaubonne et <em>Au bonheur des vulves<\/em> avec la sage-femme Camille Tallet (Leduc) en 2021.<\/p>\n\n\n\n<p>Ell\u00e9a Bird est titulaire d&#8217;une licence en litt\u00e9rature anglaise. Lyonnaise d&#8217;adoption, elle int\u00e8gre ensuite l&#8217;\u00c9cole de dessin \u00c9mile Cohl. De ses flacons d&#8217;encre et de sa tablette graphique naissent tr\u00e8s vite ses premi\u00e8res bandes dessin\u00e9es. En 2017 para\u00eet <em>Moli\u00e8re<\/em> dans la collection Les classiques en BD (Casterman), <em>Le fant\u00f4me de Canterville<\/em> en 2018 (Jungle), <em>Hippie Trail<\/em> (Steinkis) en 2020 et <em>Se jeter \u00e0 l&#8217;eau<\/em> en 2022 (Jungle) ainsi que des illustrations pour des romans jeunesse chez Bayard, Hachette et Hatier.<\/p>\n\n\n\n<p>La rencontre sera anim\u00e9e par la journaliste Manon Legrand et sera suivie d&#8217;une s\u00e9ance de d\u00e9dicaces. <\/p>\n\n\n\n<p>En partenariat avec<\/p>\n\n\n\n<figure class=\"wp-block-image size-full is-resized\"><a href=\"http:\/\/tulitu.eu\/wp\/wp-content\/uploads\/2024\/01\/logo-bellonne.png\"><img loading=\"lazy\" decoding=\"async\" src=\"http:\/\/tulitu.eu\/wp\/wp-content\/uploads\/2024\/01\/logo-bellonne.png\" alt=\"\" class=\"wp-image-2537\" width=\"133\" height=\"178\"\/><\/a><\/figure>\n\n\n\n<p>Avec le soutien de la <\/p>\n\n\n\n<figure class=\"wp-block-image size-large is-resized\"><a href=\"http:\/\/tulitu.eu\/wp\/wp-content\/uploads\/2024\/01\/logo-fwb-positif-vertical-1.jpg\"><img loading=\"lazy\" decoding=\"async\" src=\"http:\/\/tulitu.eu\/wp\/wp-content\/uploads\/2024\/01\/logo-fwb-positif-vertical-1-1024x982.jpg\" alt=\"\" class=\"wp-image-2533\" width=\"119\" height=\"114\" srcset=\"https:\/\/tulitu.eu\/wp\/wp-content\/uploads\/2024\/01\/logo-fwb-positif-vertical-1-1024x982.jpg 1024w, https:\/\/tulitu.eu\/wp\/wp-content\/uploads\/2024\/01\/logo-fwb-positif-vertical-1-300x288.jpg 300w, https:\/\/tulitu.eu\/wp\/wp-content\/uploads\/2024\/01\/logo-fwb-positif-vertical-1-768x736.jpg 768w, https:\/\/tulitu.eu\/wp\/wp-content\/uploads\/2024\/01\/logo-fwb-positif-vertical-1.jpg 1382w\" sizes=\"auto, (max-width: 119px) 100vw, 119px\" \/><\/a><\/figure>\n","protected":false},"excerpt":{"rendered":"<p>Pour r\u00e9server : https:\/\/www.eventbrite.be\/e\/rencontre-suivie-dune-dedicace-avec-elise-thiebaut-et-ellea-bird-tickets-912115069727?aff=oddtdtcreator Bienvenue \u00e0 Elise Thi\u00e9baut et Ell\u00e9a Bird pour une double actualit\u00e9 : la BD Vierges La folle histoire de la virginit\u00e9 (Le Lombard) et Ceci est mon temps, un essai \u00e9dit\u00e9 par le Diable Vauvert. \u00a0Le Lombard \u00e0 propos de la BD Vierges La folle histoire de la virginit\u00e9 : &#8220;En &hellip; <a href=\"https:\/\/tulitu.eu\/wp\/?p=2613\" class=\"more-link\">Continue reading <span class=\"screen-reader-text\">Mercredi 26 juin \u00e0 18h &#8211; Rencontre suivie d&#8217;une d\u00e9dicace avec Elise Thi\u00e9baut et Ell\u00e9a Bird<\/span> <span class=\"meta-nav\">&rarr;<\/span><\/a><\/p>\n","protected":false},"author":1,"featured_media":0,"comment_status":"open","ping_status":"open","sticky":false,"template":"","format":"standard","meta":{"footnotes":""},"categories":[2],"tags":[],"class_list":["post-2613","post","type-post","status-publish","format-standard","hentry","category-agenda"],"_links":{"self":[{"href":"https:\/\/tulitu.eu\/wp\/index.php?rest_route=\/wp\/v2\/posts\/2613","targetHints":{"allow":["GET"]}}],"collection":[{"href":"https:\/\/tulitu.eu\/wp\/index.php?rest_route=\/wp\/v2\/posts"}],"about":[{"href":"https:\/\/tulitu.eu\/wp\/index.php?rest_route=\/wp\/v2\/types\/post"}],"author":[{"embeddable":true,"href":"https:\/\/tulitu.eu\/wp\/index.php?rest_route=\/wp\/v2\/users\/1"}],"replies":[{"embeddable":true,"href":"https:\/\/tulitu.eu\/wp\/index.php?rest_route=%2Fwp%2Fv2%2Fcomments&post=2613"}],"version-history":[{"count":5,"href":"https:\/\/tulitu.eu\/wp\/index.php?rest_route=\/wp\/v2\/posts\/2613\/revisions"}],"predecessor-version":[{"id":2632,"href":"https:\/\/tulitu.eu\/wp\/index.php?rest_route=\/wp\/v2\/posts\/2613\/revisions\/2632"}],"wp:attachment":[{"href":"https:\/\/tulitu.eu\/wp\/index.php?rest_route=%2Fwp%2Fv2%2Fmedia&parent=2613"}],"wp:term":[{"taxonomy":"category","embeddable":true,"href":"https:\/\/tulitu.eu\/wp\/index.php?rest_route=%2Fwp%2Fv2%2Fcategories&post=2613"},{"taxonomy":"post_tag","embeddable":true,"href":"https:\/\/tulitu.eu\/wp\/index.php?rest_route=%2Fwp%2Fv2%2Ftags&post=2613"}],"curies":[{"name":"wp","href":"https:\/\/api.w.org\/{rel}","templated":true}]}}