{"id":2601,"date":"2024-05-22T13:37:35","date_gmt":"2024-05-22T13:37:35","guid":{"rendered":"https:\/\/tulitu.eu\/wp\/?p=2601"},"modified":"2024-05-22T13:37:35","modified_gmt":"2024-05-22T13:37:35","slug":"jeudi-13-juin-a-19h-a-la-maison-poeme-apero-tulitu-loie-du-cravan-avec-neve-dumas-et-juliette-langevin","status":"publish","type":"post","link":"https:\/\/tulitu.eu\/wp\/?p=2601","title":{"rendered":"Jeudi 13 juin \u00e0 19h \u00e0 la Maison po\u00e8me &#8211; Ap\u00e9ro TULITU &#038; L&#8217;Oie du Cravan avec n\u00e9v\u00e9 dumas et Juliette Langevin"},"content":{"rendered":"\n<figure class=\"wp-block-image size-large is-resized\"><a href=\"https:\/\/tulitu.eu\/wp\/wp-content\/uploads\/2024\/05\/oiedecravan.png\"><img loading=\"lazy\" decoding=\"async\" src=\"https:\/\/tulitu.eu\/wp\/wp-content\/uploads\/2024\/05\/oiedecravan-1024x536.png\" alt=\"\" class=\"wp-image-2602\" width=\"412\" height=\"215\" srcset=\"https:\/\/tulitu.eu\/wp\/wp-content\/uploads\/2024\/05\/oiedecravan-1024x536.png 1024w, https:\/\/tulitu.eu\/wp\/wp-content\/uploads\/2024\/05\/oiedecravan-300x157.png 300w, https:\/\/tulitu.eu\/wp\/wp-content\/uploads\/2024\/05\/oiedecravan-768x402.png 768w, https:\/\/tulitu.eu\/wp\/wp-content\/uploads\/2024\/05\/oiedecravan.png 1200w\" sizes=\"auto, (max-width: 412px) 100vw, 412px\" \/><\/a><\/figure>\n\n\n\n<p>Pour r\u00e9server : <a href=\"https:\/\/my.weezevent.com\/apero-poesie-tulitu-et-loie-du-cravan\">https:\/\/my.weezevent.com\/apero-poesie-tulitu-et-loie-du-cravan<\/a><\/p>\n\n\n\n<p>Pour son ap\u00e9ro de fin de saison, Midis po\u00e9sie laisse carte blanche \u00e0 la librairie TULITU et aux \u00e9ditions L&#8217;Oie du Cravan pour une soir\u00e9e consacr\u00e9e \u00e0 la po\u00e9sie qu\u00e9b\u00e9coise contemporaine. Dans ce cadre, nous accueillons les autrices N\u00e9v\u00e9 Dumas et Juliette Langevin pour parler de leurs livres respectifs\u00a0<em>Po\u00e8me d\u00e9g\u00e9n\u00e9r\u00e9 et Fille m\u00e9chante &#8211; <\/em>toutes deux \u00e9dit\u00e9es aux \u00e9ditions de L&#8217;Oie du Cravan.<\/p>\n\n\n\n<p>La rencontre sera anim\u00e9e par Ariane Herman de la librairie TULITU et par Hermine Ortega, \u00e9ditrice chez L&#8217;Oie du Cravan.<\/p>\n\n\n\n<p>n\u00e9v\u00e9 dumas<\/p>\n\n\n\n<figure class=\"wp-block-image size-full is-resized\"><a href=\"https:\/\/tulitu.eu\/wp\/wp-content\/uploads\/2024\/05\/pastedgraphic-1-740x-q90.png\"><img loading=\"lazy\" decoding=\"async\" src=\"https:\/\/tulitu.eu\/wp\/wp-content\/uploads\/2024\/05\/pastedgraphic-1-740x-q90.png\" alt=\"\" class=\"wp-image-2603\" width=\"164\" height=\"218\" srcset=\"https:\/\/tulitu.eu\/wp\/wp-content\/uploads\/2024\/05\/pastedgraphic-1-740x-q90.png 498w, https:\/\/tulitu.eu\/wp\/wp-content\/uploads\/2024\/05\/pastedgraphic-1-740x-q90-225x300.png 225w\" sizes=\"auto, (max-width: 164px) 100vw, 164px\" \/><\/a><\/figure>\n\n\n\n<p>n\u00e9v\u00e9 dumas est une po\u00e8te, herboriste et travailleuse communautaire franco keb blanche. Elle vit sur les terres non c\u00e9d\u00e9es du peuple Algonquin Anishinaabeg et son travail s\u2019int\u00e9resse aux exp\u00e9riences trans en relation avec le plusqu\u2019humain, l\u2019\u00e9cosexualit\u00e9 et la survie dans un monde en changement radical. Ses \u00e9crits sont parus dans des revues, une anthologie, et elle a publi\u00e9 trois livres de po\u00e8mes : au monde &#8211; inventaire, animalumi\u00e8re et pourritures terrestres.<\/p>\n\n\n\n<figure class=\"wp-block-image size-large is-resized\"><a href=\"https:\/\/tulitu.eu\/wp\/wp-content\/uploads\/2024\/05\/img-8709-modifier-2-740x-q90.jpg\"><img loading=\"lazy\" decoding=\"async\" src=\"https:\/\/tulitu.eu\/wp\/wp-content\/uploads\/2024\/05\/img-8709-modifier-2-740x-q90-683x1024.jpg\" alt=\"\" class=\"wp-image-2604\" width=\"161\" height=\"241\" srcset=\"https:\/\/tulitu.eu\/wp\/wp-content\/uploads\/2024\/05\/img-8709-modifier-2-740x-q90-683x1024.jpg 683w, https:\/\/tulitu.eu\/wp\/wp-content\/uploads\/2024\/05\/img-8709-modifier-2-740x-q90-200x300.jpg 200w, https:\/\/tulitu.eu\/wp\/wp-content\/uploads\/2024\/05\/img-8709-modifier-2-740x-q90.jpg 740w\" sizes=\"auto, (max-width: 161px) 100vw, 161px\" \/><\/a><\/figure>\n\n\n\n<p>N\u00e9e en 1996 \u00e0 Montr\u00e9al, Juliette Langevin aime crier, prendre des notes et regarder les gens vivre de petites catastrophes; \u00e9cole secondaire dans le quartier St-Michel, a vol\u00e9 du vin dans au moins un ch\u00e2teau en France, lu quelques textes dans les bars obscurs. Elle se dit professionnelle des collections : caresses de chats doux, bris de vitre dans la ruelle, talons hauts dans la pisse, tutus, po\u00e8mes \u00e9crits sur le coin d\u2019une table ou de certains lits. Trieuse de boutons \u00e0 13 ans, archiviste post-mortem de Nelly Arcan \u00e0 15, dompteuse de chiens-loups \u00e0 Rawdon, femme de m\u00e9nage dans le Mile-End. Vous pourriez la croiser en train de distribuer des glitters dans un show de bruit, faire s\u00e9cher des fleurs \u00e0 la sortie des poubelles, ou recouverte de silence, un livre entre les mains, au milieu de la f\u00eate. Sous le pseudo de Nina Shulman elle a publi\u00e9 plusieurs zines. Fille m\u00e9chante est son premier livre.<\/p>\n","protected":false},"excerpt":{"rendered":"<p>Pour r\u00e9server : https:\/\/my.weezevent.com\/apero-poesie-tulitu-et-loie-du-cravan Pour son ap\u00e9ro de fin de saison, Midis po\u00e9sie laisse carte blanche \u00e0 la librairie TULITU et aux \u00e9ditions L&#8217;Oie du Cravan pour une soir\u00e9e consacr\u00e9e \u00e0 la po\u00e9sie qu\u00e9b\u00e9coise contemporaine. Dans ce cadre, nous accueillons les autrices N\u00e9v\u00e9 Dumas et Juliette Langevin pour parler de leurs livres respectifs\u00a0Po\u00e8me d\u00e9g\u00e9n\u00e9r\u00e9 et &hellip; <a href=\"https:\/\/tulitu.eu\/wp\/?p=2601\" class=\"more-link\">Continue reading <span class=\"screen-reader-text\">Jeudi 13 juin \u00e0 19h \u00e0 la Maison po\u00e8me &#8211; Ap\u00e9ro TULITU &#038; L&#8217;Oie du Cravan avec n\u00e9v\u00e9 dumas et Juliette Langevin<\/span> <span class=\"meta-nav\">&rarr;<\/span><\/a><\/p>\n","protected":false},"author":1,"featured_media":0,"comment_status":"open","ping_status":"open","sticky":false,"template":"","format":"standard","meta":{"footnotes":""},"categories":[2],"tags":[],"class_list":["post-2601","post","type-post","status-publish","format-standard","hentry","category-agenda"],"_links":{"self":[{"href":"https:\/\/tulitu.eu\/wp\/index.php?rest_route=\/wp\/v2\/posts\/2601","targetHints":{"allow":["GET"]}}],"collection":[{"href":"https:\/\/tulitu.eu\/wp\/index.php?rest_route=\/wp\/v2\/posts"}],"about":[{"href":"https:\/\/tulitu.eu\/wp\/index.php?rest_route=\/wp\/v2\/types\/post"}],"author":[{"embeddable":true,"href":"https:\/\/tulitu.eu\/wp\/index.php?rest_route=\/wp\/v2\/users\/1"}],"replies":[{"embeddable":true,"href":"https:\/\/tulitu.eu\/wp\/index.php?rest_route=%2Fwp%2Fv2%2Fcomments&post=2601"}],"version-history":[{"count":1,"href":"https:\/\/tulitu.eu\/wp\/index.php?rest_route=\/wp\/v2\/posts\/2601\/revisions"}],"predecessor-version":[{"id":2605,"href":"https:\/\/tulitu.eu\/wp\/index.php?rest_route=\/wp\/v2\/posts\/2601\/revisions\/2605"}],"wp:attachment":[{"href":"https:\/\/tulitu.eu\/wp\/index.php?rest_route=%2Fwp%2Fv2%2Fmedia&parent=2601"}],"wp:term":[{"taxonomy":"category","embeddable":true,"href":"https:\/\/tulitu.eu\/wp\/index.php?rest_route=%2Fwp%2Fv2%2Fcategories&post=2601"},{"taxonomy":"post_tag","embeddable":true,"href":"https:\/\/tulitu.eu\/wp\/index.php?rest_route=%2Fwp%2Fv2%2Ftags&post=2601"}],"curies":[{"name":"wp","href":"https:\/\/api.w.org\/{rel}","templated":true}]}}