{"id":2595,"date":"2024-05-22T13:04:15","date_gmt":"2024-05-22T13:04:15","guid":{"rendered":"https:\/\/tulitu.eu\/wp\/?p=2595"},"modified":"2024-05-22T13:13:46","modified_gmt":"2024-05-22T13:13:46","slug":"jeudi-6-juin-a-19h-a-la-bellone-rencontre-avec-bettina-zourli","status":"publish","type":"post","link":"https:\/\/tulitu.eu\/wp\/?p=2595","title":{"rendered":"Jeudi 6 juin \u00e0  19h \u00e0 la Bellone &#8211; Rencontre avec Bettina Zourli"},"content":{"rendered":"\n<figure class=\"wp-block-image size-full is-resized\"><a href=\"https:\/\/tulitu.eu\/wp\/wp-content\/uploads\/2024\/05\/bettinazourli.jpg\"><img loading=\"lazy\" decoding=\"async\" src=\"https:\/\/tulitu.eu\/wp\/wp-content\/uploads\/2024\/05\/bettinazourli.jpg\" alt=\"\" class=\"wp-image-2596\" width=\"171\" height=\"275\" srcset=\"https:\/\/tulitu.eu\/wp\/wp-content\/uploads\/2024\/05\/bettinazourli.jpg 220w, https:\/\/tulitu.eu\/wp\/wp-content\/uploads\/2024\/05\/bettinazourli-186x300.jpg 186w\" sizes=\"auto, (max-width: 171px) 100vw, 171px\" \/><\/a><\/figure>\n\n\n\n<p><strong>R\u00e9servation vivement souhait\u00e9e :<\/strong> <a href=\"https:\/\/www.eventbrite.be\/e\/rencontre-avec-bettina-zourli-tickets-911331195137\">https:\/\/www.eventbrite.be\/e\/rencontre-avec-bettina-zourli-tickets-911331195137<\/a><\/p>\n\n\n\n<p>Bienvenue \u00e0 Bettina Zourli \u00e0 l&#8217;occasion de la parution de son livre <em>Le temps du choix Etre ou ne pas \u00eatre m\u00e8re<\/em> paru chez Payot.<\/p>\n\n\n\n<p>Dipl\u00f4m\u00e9e en \u00e9tudes de genre et militante f\u00e9ministe, Bettina Zourli s\u2019est notamment fait conna\u00eetre sur Instagram \u00e0 travers son compte @jeneveuxpasdenfant et via son podcast Amour(S).<\/p>\n\n\n\n<p>Selon l&#8217;autrice, la soci\u00e9t\u00e9 doit offrir aux femmes les conditions n\u00e9cessaires pour qu&#8217;elles puissent d\u00e9cider de devenir m\u00e8res ou pas.<\/p>\n\n\n\n<p>Pr\u00e9sentation de Payot : <\/p>\n\n\n\n<p>&#8220;Dans l\u2019histoire, les femmes ont pass\u00e9 bien plus de temps \u00e0 tenter de ne pas tomber enceintes que le contraire, et ce pour une tr\u00e8s bonne raison : la maternit\u00e9 les fragilise. Seul l\u2019av\u00e8nement de la contraception dans les ann\u00e9es 1960 a sonn\u00e9 l\u2019heure du choix : le r\u00e9el d\u00e9sir d\u2019\u00eatre m\u00e8re peut advenir d\u00e8s lors que la possibilit\u00e9 de ne pas l\u2019\u00eatre existe.<br>Pourtant, cette libert\u00e9 semble encore sous contraintes : injonction sociale \u00e0 enfanter, stigmatisation des femmes ne souhaitant pas avoir d\u2019enfant, in\u00e9galit\u00e9s \u00e9conomiques et sociales pesant sur les m\u00e8res, violences au sein de la famille nucl\u00e9aire\u2026 D\u2019un c\u00f4t\u00e9, on nous rebat les oreilles avec le d\u00e9sir d\u2019enfant, comme si l\u2019unique destin des femmes \u00e9tait la maternit\u00e9 ; de l\u2019autre, les entraves \u00e0 la libert\u00e9 de procr\u00e9er persistent et les violences faites aux m\u00e8res gagnent du terrain.<br>Or, une soci\u00e9t\u00e9 qui met la pression aux femmes pour qu\u2019elles deviennent m\u00e8res puis les violente de la sorte n\u2019est-elle pas profond\u00e9ment malade ? La responsabilit\u00e9 immense que repr\u00e9sente la prise en charge de la vie d\u2019un enfant doit \u00eatre pens\u00e9e \u00e0 la mesure de son importance : les nombreuses pressions pesant sur les femmes justifient que leur soit offert, individuellement, le temps du choix, ainsi que, collectivement, une r\u00e9flexion urgente autour de notre mod\u00e8le de soci\u00e9t\u00e9.&#8221;<\/p>\n\n\n\n<p>La rencontre sera anim\u00e9e par Ariane Herman.<\/p>\n\n\n\n<p>En partenariat avec<\/p>\n\n\n\n<figure class=\"wp-block-image size-full is-resized\"><a href=\"http:\/\/tulitu.eu\/wp\/wp-content\/uploads\/2024\/04\/logobellone.gif\"><img loading=\"lazy\" decoding=\"async\" src=\"http:\/\/tulitu.eu\/wp\/wp-content\/uploads\/2024\/04\/logobellone.gif\" alt=\"\" class=\"wp-image-2568\" width=\"71\" height=\"111\"\/><\/a><\/figure>\n\n\n\n<p>Avec le soutien de la <\/p>\n\n\n\n<figure class=\"wp-block-image size-large is-resized\"><a href=\"http:\/\/tulitu.eu\/wp\/wp-content\/uploads\/2024\/01\/logo-fwb-positif-vertical-1.jpg\"><img loading=\"lazy\" decoding=\"async\" src=\"http:\/\/tulitu.eu\/wp\/wp-content\/uploads\/2024\/01\/logo-fwb-positif-vertical-1-1024x982.jpg\" alt=\"\" class=\"wp-image-2533\" width=\"129\" height=\"123\" srcset=\"https:\/\/tulitu.eu\/wp\/wp-content\/uploads\/2024\/01\/logo-fwb-positif-vertical-1-1024x982.jpg 1024w, https:\/\/tulitu.eu\/wp\/wp-content\/uploads\/2024\/01\/logo-fwb-positif-vertical-1-300x288.jpg 300w, https:\/\/tulitu.eu\/wp\/wp-content\/uploads\/2024\/01\/logo-fwb-positif-vertical-1-768x736.jpg 768w, https:\/\/tulitu.eu\/wp\/wp-content\/uploads\/2024\/01\/logo-fwb-positif-vertical-1.jpg 1382w\" sizes=\"auto, (max-width: 129px) 100vw, 129px\" \/><\/a><\/figure>\n","protected":false},"excerpt":{"rendered":"<p>R\u00e9servation vivement souhait\u00e9e : https:\/\/www.eventbrite.be\/e\/rencontre-avec-bettina-zourli-tickets-911331195137 Bienvenue \u00e0 Bettina Zourli \u00e0 l&#8217;occasion de la parution de son livre Le temps du choix Etre ou ne pas \u00eatre m\u00e8re paru chez Payot. Dipl\u00f4m\u00e9e en \u00e9tudes de genre et militante f\u00e9ministe, Bettina Zourli s\u2019est notamment fait conna\u00eetre sur Instagram \u00e0 travers son compte @jeneveuxpasdenfant et via son podcast &hellip; <a href=\"https:\/\/tulitu.eu\/wp\/?p=2595\" class=\"more-link\">Continue reading <span class=\"screen-reader-text\">Jeudi 6 juin \u00e0  19h \u00e0 la Bellone &#8211; Rencontre avec Bettina Zourli<\/span> <span class=\"meta-nav\">&rarr;<\/span><\/a><\/p>\n","protected":false},"author":1,"featured_media":0,"comment_status":"open","ping_status":"open","sticky":false,"template":"","format":"standard","meta":{"footnotes":""},"categories":[2],"tags":[],"class_list":["post-2595","post","type-post","status-publish","format-standard","hentry","category-agenda"],"_links":{"self":[{"href":"https:\/\/tulitu.eu\/wp\/index.php?rest_route=\/wp\/v2\/posts\/2595","targetHints":{"allow":["GET"]}}],"collection":[{"href":"https:\/\/tulitu.eu\/wp\/index.php?rest_route=\/wp\/v2\/posts"}],"about":[{"href":"https:\/\/tulitu.eu\/wp\/index.php?rest_route=\/wp\/v2\/types\/post"}],"author":[{"embeddable":true,"href":"https:\/\/tulitu.eu\/wp\/index.php?rest_route=\/wp\/v2\/users\/1"}],"replies":[{"embeddable":true,"href":"https:\/\/tulitu.eu\/wp\/index.php?rest_route=%2Fwp%2Fv2%2Fcomments&post=2595"}],"version-history":[{"count":4,"href":"https:\/\/tulitu.eu\/wp\/index.php?rest_route=\/wp\/v2\/posts\/2595\/revisions"}],"predecessor-version":[{"id":2600,"href":"https:\/\/tulitu.eu\/wp\/index.php?rest_route=\/wp\/v2\/posts\/2595\/revisions\/2600"}],"wp:attachment":[{"href":"https:\/\/tulitu.eu\/wp\/index.php?rest_route=%2Fwp%2Fv2%2Fmedia&parent=2595"}],"wp:term":[{"taxonomy":"category","embeddable":true,"href":"https:\/\/tulitu.eu\/wp\/index.php?rest_route=%2Fwp%2Fv2%2Fcategories&post=2595"},{"taxonomy":"post_tag","embeddable":true,"href":"https:\/\/tulitu.eu\/wp\/index.php?rest_route=%2Fwp%2Fv2%2Ftags&post=2595"}],"curies":[{"name":"wp","href":"https:\/\/api.w.org\/{rel}","templated":true}]}}