{"id":2481,"date":"2023-11-22T16:38:26","date_gmt":"2023-11-22T16:38:26","guid":{"rendered":"https:\/\/tulitu.eu\/wp\/?p=2481"},"modified":"2023-11-22T16:43:37","modified_gmt":"2023-11-22T16:43:37","slug":"vendredi-8-decembre-de-17h30-a-19h-dedicaces-avec-lison-ferne","status":"publish","type":"post","link":"https:\/\/tulitu.eu\/wp\/?p=2481","title":{"rendered":"Vendredi 8 d\u00e9cembre de 17h30 \u00e0 19h &#8211; D\u00e9dicaces avec Lison Fern\u00e9"},"content":{"rendered":"\n<figure class=\"wp-block-image size-full is-resized\"><a href=\"https:\/\/tulitu.eu\/wp\/wp-content\/uploads\/2023\/11\/lison.jpeg\"><img loading=\"lazy\" decoding=\"async\" src=\"https:\/\/tulitu.eu\/wp\/wp-content\/uploads\/2023\/11\/lison.jpeg\" alt=\"\" class=\"wp-image-2482\" width=\"299\" height=\"199\" srcset=\"https:\/\/tulitu.eu\/wp\/wp-content\/uploads\/2023\/11\/lison.jpeg 768w, https:\/\/tulitu.eu\/wp\/wp-content\/uploads\/2023\/11\/lison-300x200.jpeg 300w\" sizes=\"auto, (max-width: 299px) 100vw, 299px\" \/><\/a><figcaption class=\"wp-element-caption\"><strong>R\u00e9servation indispensable : <\/strong><a href=\"https:\/\/www.eventbrite.be\/e\/billets-dedicaces-avec-lison-ferne-764765753957?aff=oddtdtcreator\">https:\/\/www.eventbrite.be\/e\/billets-dedicaces-avec-lison-ferne-764765753957?aff=oddtdtcreator<\/a><\/figcaption><\/figure>\n\n\n\n<p>\u00ab \u00c0 travers cet alphabet, j\u2019ai voulu repr\u00e9senter des beaut\u00e9s douces et flamboyantes, qui s\u2019opposent aux canons virils traditionnels. Au-del\u00e0 des beaux costumes et des mod\u00e8les attrayants, il s\u2019agit d\u2019entra\u00eener son regard \u00e0 l\u2019\u00e9rotisation des hommes au m\u00eame titre que celle des corps f\u00e9minins. \u00bb (L. F.)<\/p>\n\n\n\n<p>L\u2019ab\u00e9c\u00e9daire queer de Lison Fern\u00e9 se veut une exploration du corps masculin, inspir\u00e9e de la haute couture et de la mode f\u00e9tichiste. En reprenant les codes classiques de l\u2019ab\u00e9c\u00e9daire, l\u2019autrice questionne l\u2019identit\u00e9 de genre.<br><br>Cet objet fabriqu\u00e9 tout en carton, sous ses airs de livre pour enfant, s\u2019adresse n\u00e9anmoins \u00e0 un public averti. Un objet r\u00e9gressif qui plonge le lecteur et la lectrice dans un univers color\u00e9 et subversif.<\/p>\n\n\n\n<p><\/p>\n\n\n\n<p>Lison Fern\u00e9 (n\u00e9e en 1993) est une jeune dipl\u00f4m\u00e9e de l&#8217;ERG (Bruxelles) o\u00f9 elle a suivi un master en bande dessin\u00e9e apr\u00e8s un cursus en illustration \u00e0 l&#8217;\u00e9cole Estienne (Paris). Elle fait partie du collectif\u00a0<em>Bien Monsieur\u00a0<\/em>depuis 2015<em>\u00a0<\/em>et contribue \u00e0 la revue du m\u00eame nom cr\u00e9\u00e9e par Elsa Abderhamani et Juliette Mancini.\u00a0<em>Bien Monsieur<\/em>\u00a0a re\u00e7u le prix de la meilleure BD alternative du 45\u00e8me Festival d\u2019Angoul\u00eame (2018). La jeune illustratrice a collabor\u00e9 au sein de cette revue notamment avec Jochen Gerner ou Thomas Mathieu.<br><br>Elle est l&#8217;autrice de l&#8217;album\u00a0<em>La d\u00e9esse requin<\/em>\u00a0(CFC-\u00c9ditions, 2020), r\u00e9compens\u00e9 par le prix\u00a0Art\u00e9misia 2021 \u00e9cologie.<\/p>\n\n\n\n<p><\/p>\n\n\n\n<p>Avec le soutien de la F\u00e9d\u00e9ration Wallonie-Bruxelles<\/p>\n","protected":false},"excerpt":{"rendered":"<p>\u00ab \u00c0 travers cet alphabet, j\u2019ai voulu repr\u00e9senter des beaut\u00e9s douces et flamboyantes, qui s\u2019opposent aux canons virils traditionnels. Au-del\u00e0 des beaux costumes et des mod\u00e8les attrayants, il s\u2019agit d\u2019entra\u00eener son regard \u00e0 l\u2019\u00e9rotisation des hommes au m\u00eame titre que celle des corps f\u00e9minins. \u00bb (L. F.) L\u2019ab\u00e9c\u00e9daire queer de Lison Fern\u00e9 se veut une &hellip; <a href=\"https:\/\/tulitu.eu\/wp\/?p=2481\" class=\"more-link\">Continue reading <span class=\"screen-reader-text\">Vendredi 8 d\u00e9cembre de 17h30 \u00e0 19h &#8211; D\u00e9dicaces avec Lison Fern\u00e9<\/span> <span class=\"meta-nav\">&rarr;<\/span><\/a><\/p>\n","protected":false},"author":1,"featured_media":0,"comment_status":"open","ping_status":"open","sticky":false,"template":"","format":"standard","meta":{"footnotes":""},"categories":[1],"tags":[],"class_list":["post-2481","post","type-post","status-publish","format-standard","hentry","category-non-classe"],"_links":{"self":[{"href":"https:\/\/tulitu.eu\/wp\/index.php?rest_route=\/wp\/v2\/posts\/2481","targetHints":{"allow":["GET"]}}],"collection":[{"href":"https:\/\/tulitu.eu\/wp\/index.php?rest_route=\/wp\/v2\/posts"}],"about":[{"href":"https:\/\/tulitu.eu\/wp\/index.php?rest_route=\/wp\/v2\/types\/post"}],"author":[{"embeddable":true,"href":"https:\/\/tulitu.eu\/wp\/index.php?rest_route=\/wp\/v2\/users\/1"}],"replies":[{"embeddable":true,"href":"https:\/\/tulitu.eu\/wp\/index.php?rest_route=%2Fwp%2Fv2%2Fcomments&post=2481"}],"version-history":[{"count":3,"href":"https:\/\/tulitu.eu\/wp\/index.php?rest_route=\/wp\/v2\/posts\/2481\/revisions"}],"predecessor-version":[{"id":2485,"href":"https:\/\/tulitu.eu\/wp\/index.php?rest_route=\/wp\/v2\/posts\/2481\/revisions\/2485"}],"wp:attachment":[{"href":"https:\/\/tulitu.eu\/wp\/index.php?rest_route=%2Fwp%2Fv2%2Fmedia&parent=2481"}],"wp:term":[{"taxonomy":"category","embeddable":true,"href":"https:\/\/tulitu.eu\/wp\/index.php?rest_route=%2Fwp%2Fv2%2Fcategories&post=2481"},{"taxonomy":"post_tag","embeddable":true,"href":"https:\/\/tulitu.eu\/wp\/index.php?rest_route=%2Fwp%2Fv2%2Ftags&post=2481"}],"curies":[{"name":"wp","href":"https:\/\/api.w.org\/{rel}","templated":true}]}}