{"id":2471,"date":"2023-11-02T14:27:16","date_gmt":"2023-11-02T14:27:16","guid":{"rendered":"https:\/\/tulitu.eu\/wp\/?p=2471"},"modified":"2023-11-02T14:27:16","modified_gmt":"2023-11-02T14:27:16","slug":"mardi-5-decembre-a-18h-a-la-bellone-rencontre-avec-lauren-bastide","status":"publish","type":"post","link":"https:\/\/tulitu.eu\/wp\/?p=2471","title":{"rendered":"Mardi 5 d\u00e9cembre \u00e0 18h \u00e0 la Bellone- Rencontre avec Lauren Bastide"},"content":{"rendered":"\n<figure class=\"wp-block-image size-large is-resized\"><a href=\"https:\/\/tulitu.eu\/wp\/wp-content\/uploads\/2023\/11\/IMG_6568-scaled.jpg\"><img loading=\"lazy\" decoding=\"async\" src=\"https:\/\/tulitu.eu\/wp\/wp-content\/uploads\/2023\/11\/IMG_6568-768x1024.jpg\" alt=\"\" class=\"wp-image-2472\" width=\"171\" height=\"228\" srcset=\"https:\/\/tulitu.eu\/wp\/wp-content\/uploads\/2023\/11\/IMG_6568-768x1024.jpg 768w, https:\/\/tulitu.eu\/wp\/wp-content\/uploads\/2023\/11\/IMG_6568-225x300.jpg 225w, https:\/\/tulitu.eu\/wp\/wp-content\/uploads\/2023\/11\/IMG_6568-1152x1536.jpg 1152w, https:\/\/tulitu.eu\/wp\/wp-content\/uploads\/2023\/11\/IMG_6568-1536x2048.jpg 1536w, https:\/\/tulitu.eu\/wp\/wp-content\/uploads\/2023\/11\/IMG_6568-scaled.jpg 1920w\" sizes=\"auto, (max-width: 171px) 100vw, 171px\" \/><\/a><\/figure>\n\n\n\n<p><strong>R\u00e9servation indispensable <\/strong>: <a href=\"https:\/\/www.eventbrite.be\/e\/billets-rencontre-avec-lauren-bastide-750758688447?aff=oddtdtcreator\">https:\/\/www.eventbrite.be\/e\/billets-rencontre-avec-lauren-bastide-750758688447?aff=oddtdtcreator<\/a><\/p>\n\n\n\n<p>Bienvenue \u00e0 Lauren Bastide \u00e0 l&#8217;occasion de la parution de son premier roman <em>2060<\/em> paru Au Diable Vauvert. <\/p>\n\n\n\n<p>Lauren Bastide, c&#8217;est la cr\u00e9atrice du podcast f\u00e9ministe La Poudre et on l&#8217;adore! Nous l&#8217;avions d\u00e9j\u00e0 re\u00e7ue pour ses deux essais <em>Pr\u00e9sentes<\/em> et<em> Futur.es<\/em> parus chez Allary.<\/p>\n\n\n\n<p>Lauren s&#8217;est mise au roman pour notre plus grand bonheur.<\/p>\n\n\n\n<p>Voici la pr\u00e9sentation de l&#8217;\u00e9ditrice :<\/p>\n\n\n\n<p>&#8220;22 juin 2060. Apr\u00e8s des si\u00e8cles \u00e0 vivre comme si demain n\u2019existait pas, l\u2019humanit\u00e9 se pr\u00e9pare \u00e0 une Fin du Monde, rebaptis\u00e9e FDM comme pour conjurer l\u2019in\u00e9luctable.<\/p>\n\n\n\n<p>Durant son ultime journ\u00e9e, heure apr\u00e8s heure, l\u2019h\u00e9ro\u00efne va revivre les combats f\u00e9ministes et \u00e9cologistes qui ont rythm\u00e9 sa vie.<\/p>\n\n\n\n<p>Dans une ambiance \u00e0 la fois m\u00e9lancolique et poignante, qui \u00e9voque Charlotte Perkins Gilman ou Virginia Woolf, cette fiction trouve un \u00e9quilibre subtil entre anticipation, litt\u00e9rature et politique.&#8221;<\/p>\n\n\n\n<p>En partenariat avec<\/p>\n\n\n\n<figure class=\"wp-block-image size-full is-resized\"><a href=\"https:\/\/tulitu.eu\/wp\/wp-content\/uploads\/2023\/11\/logobellone.gif\"><img loading=\"lazy\" decoding=\"async\" src=\"https:\/\/tulitu.eu\/wp\/wp-content\/uploads\/2023\/11\/logobellone.gif\" alt=\"\" class=\"wp-image-2473\" width=\"87\" height=\"136\"\/><\/a><\/figure>\n\n\n\n<p>Avec le soutien de la<\/p>\n\n\n\n<figure class=\"wp-block-image size-large is-resized\"><a href=\"http:\/\/tulitu.eu\/wp\/wp-content\/uploads\/2019\/03\/logo_FWB.jpg\"><img loading=\"lazy\" decoding=\"async\" src=\"http:\/\/tulitu.eu\/wp\/wp-content\/uploads\/2019\/03\/logo_FWB-1024x299.jpg\" alt=\"\" class=\"wp-image-1422\" width=\"374\" height=\"109\" srcset=\"https:\/\/tulitu.eu\/wp\/wp-content\/uploads\/2019\/03\/logo_FWB-1024x299.jpg 1024w, https:\/\/tulitu.eu\/wp\/wp-content\/uploads\/2019\/03\/logo_FWB-300x87.jpg 300w, https:\/\/tulitu.eu\/wp\/wp-content\/uploads\/2019\/03\/logo_FWB-768x224.jpg 768w, https:\/\/tulitu.eu\/wp\/wp-content\/uploads\/2019\/03\/logo_FWB.jpg 1382w\" sizes=\"auto, (max-width: 374px) 100vw, 374px\" \/><\/a><\/figure>\n","protected":false},"excerpt":{"rendered":"<p>R\u00e9servation indispensable : https:\/\/www.eventbrite.be\/e\/billets-rencontre-avec-lauren-bastide-750758688447?aff=oddtdtcreator Bienvenue \u00e0 Lauren Bastide \u00e0 l&#8217;occasion de la parution de son premier roman 2060 paru Au Diable Vauvert. Lauren Bastide, c&#8217;est la cr\u00e9atrice du podcast f\u00e9ministe La Poudre et on l&#8217;adore! Nous l&#8217;avions d\u00e9j\u00e0 re\u00e7ue pour ses deux essais Pr\u00e9sentes et Futur.es parus chez Allary. Lauren s&#8217;est mise au roman pour &hellip; <a href=\"https:\/\/tulitu.eu\/wp\/?p=2471\" class=\"more-link\">Continue reading <span class=\"screen-reader-text\">Mardi 5 d\u00e9cembre \u00e0 18h \u00e0 la Bellone- Rencontre avec Lauren Bastide<\/span> <span class=\"meta-nav\">&rarr;<\/span><\/a><\/p>\n","protected":false},"author":1,"featured_media":0,"comment_status":"open","ping_status":"open","sticky":false,"template":"","format":"standard","meta":{"footnotes":""},"categories":[1],"tags":[],"class_list":["post-2471","post","type-post","status-publish","format-standard","hentry","category-non-classe"],"_links":{"self":[{"href":"https:\/\/tulitu.eu\/wp\/index.php?rest_route=\/wp\/v2\/posts\/2471","targetHints":{"allow":["GET"]}}],"collection":[{"href":"https:\/\/tulitu.eu\/wp\/index.php?rest_route=\/wp\/v2\/posts"}],"about":[{"href":"https:\/\/tulitu.eu\/wp\/index.php?rest_route=\/wp\/v2\/types\/post"}],"author":[{"embeddable":true,"href":"https:\/\/tulitu.eu\/wp\/index.php?rest_route=\/wp\/v2\/users\/1"}],"replies":[{"embeddable":true,"href":"https:\/\/tulitu.eu\/wp\/index.php?rest_route=%2Fwp%2Fv2%2Fcomments&post=2471"}],"version-history":[{"count":1,"href":"https:\/\/tulitu.eu\/wp\/index.php?rest_route=\/wp\/v2\/posts\/2471\/revisions"}],"predecessor-version":[{"id":2474,"href":"https:\/\/tulitu.eu\/wp\/index.php?rest_route=\/wp\/v2\/posts\/2471\/revisions\/2474"}],"wp:attachment":[{"href":"https:\/\/tulitu.eu\/wp\/index.php?rest_route=%2Fwp%2Fv2%2Fmedia&parent=2471"}],"wp:term":[{"taxonomy":"category","embeddable":true,"href":"https:\/\/tulitu.eu\/wp\/index.php?rest_route=%2Fwp%2Fv2%2Fcategories&post=2471"},{"taxonomy":"post_tag","embeddable":true,"href":"https:\/\/tulitu.eu\/wp\/index.php?rest_route=%2Fwp%2Fv2%2Ftags&post=2471"}],"curies":[{"name":"wp","href":"https:\/\/api.w.org\/{rel}","templated":true}]}}