{"id":2454,"date":"2023-10-17T14:12:53","date_gmt":"2023-10-17T14:12:53","guid":{"rendered":"https:\/\/tulitu.eu\/wp\/?p=2454"},"modified":"2023-10-17T14:12:53","modified_gmt":"2023-10-17T14:12:53","slug":"mercredi-15-novembre-a-19h-rencontre-avec-camille-circlude-au-grand-hospice-7-rue-du-grand-hospice-a-1000-bruxelles","status":"publish","type":"post","link":"https:\/\/tulitu.eu\/wp\/?p=2454","title":{"rendered":"Mercredi 15 novembre \u00e0 19h &#8211; Rencontre avec Camille Circlude au Grand Hospice (7 rue du grand Hospice \u00e0 1000 Bruxelles)"},"content":{"rendered":"\n<figure class=\"wp-block-image size-large is-resized\"><a href=\"https:\/\/tulitu.eu\/wp\/wp-content\/uploads\/2023\/10\/B42-202-CIRCLUDE-COVER-OK3-scaled.jpg\"><img loading=\"lazy\" decoding=\"async\" src=\"https:\/\/tulitu.eu\/wp\/wp-content\/uploads\/2023\/10\/B42-202-CIRCLUDE-COVER-OK3-642x1024.jpg\" alt=\"\" class=\"wp-image-2455\" width=\"256\" height=\"409\" srcset=\"https:\/\/tulitu.eu\/wp\/wp-content\/uploads\/2023\/10\/B42-202-CIRCLUDE-COVER-OK3-642x1024.jpg 642w, https:\/\/tulitu.eu\/wp\/wp-content\/uploads\/2023\/10\/B42-202-CIRCLUDE-COVER-OK3-188x300.jpg 188w, https:\/\/tulitu.eu\/wp\/wp-content\/uploads\/2023\/10\/B42-202-CIRCLUDE-COVER-OK3-768x1224.jpg 768w, https:\/\/tulitu.eu\/wp\/wp-content\/uploads\/2023\/10\/B42-202-CIRCLUDE-COVER-OK3-964x1536.jpg 964w, https:\/\/tulitu.eu\/wp\/wp-content\/uploads\/2023\/10\/B42-202-CIRCLUDE-COVER-OK3-1285x2048.jpg 1285w, https:\/\/tulitu.eu\/wp\/wp-content\/uploads\/2023\/10\/B42-202-CIRCLUDE-COVER-OK3-scaled.jpg 1606w\" sizes=\"auto, (max-width: 256px) 100vw, 256px\" \/><\/a><figcaption class=\"wp-element-caption\"><br><strong>Pour r\u00e9server :<\/strong> <a href=\"https:\/\/www.eventbrite.be\/e\/billets-rencontre-avec-camille-circlude-740144380767?aff=oddtdtcreator\">https:\/\/www.eventbrite.be\/e\/billets-rencontre-avec-camille-circlude-740144380767?aff=oddtdtcreator<\/a><br><br>Bienvenue \u00e0 Camille Circlude pour le lancement de son livre <em>LA TYPOGRAPHIE POST-BINAIRE<br>Au-del\u00e0 de l\u2019\u00e9criture inclusive<\/em> \u00e0 para\u00eetre aux Editions B42.<br><br>Voici la pr\u00e9sentation de B42 :<br>&#8220;Comment d\u00e9passer la binarit\u00e9 de genre caract\u00e9ristique de la langue fran\u00e7aise ? Cet ouvrage recontextualise l\u2019apparition de l\u2019\u00e9criture inclusive, questionne ses usages et recense les<br>multiples alternatives possibles apparues depuis de nombreuses ann\u00e9es. Si l\u2019\u00e9criture inclusive et le \u00ab fameux \u00bb point m\u00e9dian ont ouvert la voie vers l\u2019\u00e9galit\u00e9 des genres, il leur est aujourd\u2019hui r\u00e9guli\u00e8rement reproch\u00e9 de reconduire cette binarit\u00e9. Des initiatives port\u00e9es par des dessinateur\u00b7ices de caract\u00e8res typographiques offrent des espaces in\u00e9dits afin de d\u00e9passer les hi\u00e9rarchies de genre et les impens\u00e9s<br>th\u00e9oriques tacitement induits par l\u2019\u00e9criture inclusive. L\u2019analyse historiographique de ces nouvelles formes<br>typographiques apparues dans ce contexte a conduit Camille Circlude, membre fondateur\u00b7ice de la collective Bye ByeBinary, \u00e0 consid\u00e9 rer la port\u00e9e politique du dessin typographique et l\u2019a men\u00e9\u00b7e vers le concept de post-binarisme politique. La typographie est ainsi appr\u00e9hend\u00e9e comme une technologie \u00e9mancipatrice permettant de r\u00e9sister \u00e0 l\u2019h\u00e9g\u00e9monie et d\u2019habiter l\u2019hybridation des formes et des caract\u00e8res. Le dessin de caract\u00e8res typographiques inclusifs, non-binaires et<br>post-binaires offre aujourd\u2019hui la possibilit\u00e9 de mat\u00e9rialiser les existences queer, non-binaire, genderfluid, agenre et genderfucker dans ces espaces partag\u00e9s et symboliques que<br>sont la langue et l\u2019\u00e9criture.<br>Bien qu\u2019il ne soit pas possible, ni souhaitable, de figer l\u2019histoire de la typographie inclusive, Camille Circlude pr\u00e9sente dans cet ouvrage un \u00e9tat des lieux de six ann\u00e9es d\u2019exp\u00e9rimentations (2017-2022) d\u2019une pratique qui ne cesse de se propager, et qui continue de s\u2019\u00e9crire au pr\u00e9sent.<br><br>Camille Circlude est un\u00b7e designer graphique et typographique belge ayant fond\u00e9 le studio Kidnap<br>Your Designer en 2006. Depuis 2009, iel est professeur\u00b7e \u00e0 l\u2019erg (\u00e9cole de recherche graphique,<br>bas\u00e9e \u00e0 Bruxelles). Titulaire d\u2019un Master de sp\u00e9cialisation en \u00e9tudes de genre, iel a publi\u00e9 de<br>nombreux articles et contributions dans des revues sp\u00e9cialis\u00e9es.<br>Iel est membre actif\u00b7ve de la collective Bye Bye Binary. Cr\u00e9\u00e9e lors d\u2019un workshop entre La Cambre et l\u2019erg,<br>cette collective franco-belge explore depuis novembre 2018 de nouvelles formes graphiques et<br>typographiques de la langue fran\u00e7aise \u00e0 partir des \u00e9critures inclusives et non-binaires.<br>Cet ouvrage para\u00eet dans la collection Fa\u00e7ons, qui accueille les ouvrages du catalogue consacr\u00e9s au<br>design, au design graphique, \u00e0 la typographie, \u00e0 l\u2019architecture et au design de mode. Compos\u00e9e<br>d\u2019essais in\u00e9dits et de traductions, cette collection forme une bo\u00eete \u00e0 outils indispensable \u00e0 la<br>compr\u00e9hension et au d\u00e9veloppement de ces disciplines.&#8221;<\/figcaption><\/figure>\n\n\n\n<p>La rencontre sera anim\u00e9 par Manon Didierjean, librairie chez TULITU.<\/p>\n\n\n\n<p>Avec le soutien de la<\/p>\n\n\n\n<figure class=\"wp-block-image size-large is-resized\"><a href=\"http:\/\/tulitu.eu\/wp\/wp-content\/uploads\/2019\/03\/logo_FWB.jpg\"><img loading=\"lazy\" decoding=\"async\" src=\"http:\/\/tulitu.eu\/wp\/wp-content\/uploads\/2019\/03\/logo_FWB-1024x299.jpg\" alt=\"\" class=\"wp-image-1422\" width=\"236\" height=\"68\" srcset=\"https:\/\/tulitu.eu\/wp\/wp-content\/uploads\/2019\/03\/logo_FWB-1024x299.jpg 1024w, https:\/\/tulitu.eu\/wp\/wp-content\/uploads\/2019\/03\/logo_FWB-300x87.jpg 300w, https:\/\/tulitu.eu\/wp\/wp-content\/uploads\/2019\/03\/logo_FWB-768x224.jpg 768w, https:\/\/tulitu.eu\/wp\/wp-content\/uploads\/2019\/03\/logo_FWB.jpg 1382w\" sizes=\"auto, (max-width: 236px) 100vw, 236px\" \/><\/a><\/figure>\n","protected":false},"excerpt":{"rendered":"<p>La rencontre sera anim\u00e9 par Manon Didierjean, librairie chez TULITU. Avec le soutien de la<\/p>\n","protected":false},"author":1,"featured_media":0,"comment_status":"open","ping_status":"open","sticky":false,"template":"","format":"standard","meta":{"footnotes":""},"categories":[1],"tags":[],"class_list":["post-2454","post","type-post","status-publish","format-standard","hentry","category-non-classe"],"_links":{"self":[{"href":"https:\/\/tulitu.eu\/wp\/index.php?rest_route=\/wp\/v2\/posts\/2454","targetHints":{"allow":["GET"]}}],"collection":[{"href":"https:\/\/tulitu.eu\/wp\/index.php?rest_route=\/wp\/v2\/posts"}],"about":[{"href":"https:\/\/tulitu.eu\/wp\/index.php?rest_route=\/wp\/v2\/types\/post"}],"author":[{"embeddable":true,"href":"https:\/\/tulitu.eu\/wp\/index.php?rest_route=\/wp\/v2\/users\/1"}],"replies":[{"embeddable":true,"href":"https:\/\/tulitu.eu\/wp\/index.php?rest_route=%2Fwp%2Fv2%2Fcomments&post=2454"}],"version-history":[{"count":1,"href":"https:\/\/tulitu.eu\/wp\/index.php?rest_route=\/wp\/v2\/posts\/2454\/revisions"}],"predecessor-version":[{"id":2456,"href":"https:\/\/tulitu.eu\/wp\/index.php?rest_route=\/wp\/v2\/posts\/2454\/revisions\/2456"}],"wp:attachment":[{"href":"https:\/\/tulitu.eu\/wp\/index.php?rest_route=%2Fwp%2Fv2%2Fmedia&parent=2454"}],"wp:term":[{"taxonomy":"category","embeddable":true,"href":"https:\/\/tulitu.eu\/wp\/index.php?rest_route=%2Fwp%2Fv2%2Fcategories&post=2454"},{"taxonomy":"post_tag","embeddable":true,"href":"https:\/\/tulitu.eu\/wp\/index.php?rest_route=%2Fwp%2Fv2%2Ftags&post=2454"}],"curies":[{"name":"wp","href":"https:\/\/api.w.org\/{rel}","templated":true}]}}