{"id":2394,"date":"2023-08-09T14:01:21","date_gmt":"2023-08-09T14:01:21","guid":{"rendered":"http:\/\/tulitu.eu\/wp\/?p=2394"},"modified":"2023-08-09T14:29:19","modified_gmt":"2023-08-09T14:29:19","slug":"jeudi-7-septembre-a-19h-rencontre-avec-lautrice-negar-djavadi","status":"publish","type":"post","link":"https:\/\/tulitu.eu\/wp\/?p=2394","title":{"rendered":"Jeudi 7 septembre \u00e0 19h &#8211; Rencontre avec l&#8217;autrice N\u00e9gar Djavadi"},"content":{"rendered":"\n<figure class=\"wp-block-image size-large is-resized\"><a href=\"http:\/\/tulitu.eu\/wp\/wp-content\/uploads\/2023\/08\/negar.jpg\"><img loading=\"lazy\" decoding=\"async\" src=\"http:\/\/tulitu.eu\/wp\/wp-content\/uploads\/2023\/08\/negar-1024x1024.jpg\" alt=\"\" class=\"wp-image-2395\" width=\"263\" height=\"263\" srcset=\"https:\/\/tulitu.eu\/wp\/wp-content\/uploads\/2023\/08\/negar-1024x1024.jpg 1024w, https:\/\/tulitu.eu\/wp\/wp-content\/uploads\/2023\/08\/negar-300x300.jpg 300w, https:\/\/tulitu.eu\/wp\/wp-content\/uploads\/2023\/08\/negar-150x150.jpg 150w, https:\/\/tulitu.eu\/wp\/wp-content\/uploads\/2023\/08\/negar-768x768.jpg 768w, https:\/\/tulitu.eu\/wp\/wp-content\/uploads\/2023\/08\/negar.jpg 1200w\" sizes=\"auto, (max-width: 263px) 100vw, 263px\" \/><\/a><\/figure>\n\n\n\n<p><strong>R\u00e9servation indispensable :<\/strong> <a href=\"https:\/\/www.eventbrite.be\/e\/billets-rencontre-aveclautrice-negar-djavadi-695348244317?aff=oddtdtcreator\" data-type=\"URL\" data-id=\"https:\/\/www.eventbrite.be\/e\/billets-rencontre-aveclautrice-negar-djavadi-695348244317?aff=oddtdtcreator\">https:\/\/www.eventbrite.be\/e\/billets-rencontre-aveclautrice-negar-djavadi-695348244317?aff=oddtdtcreator<\/a><\/p>\n\n\n\n<p>Nous avions ador\u00e9 ses deux romans pr\u00e9c\u00e9dents <em>D\u00e9sorientale<\/em> (Liana Levi) et <em>Ar\u00e8ne<\/em> (Liana Levi).<\/p>\n\n\n\n<p>N\u00e9gar Djavadi nous revient \u00e0 la rentr\u00e9e litt\u00e9raire avec un troisi\u00e8me roman <em>La derni\u00e8re place <\/em>(Stock).<br><br>Nous sommes tr\u00e8s heureuses qu&#8217;elle aie accept\u00e9 notre invitation \u00e0 venir parler de son nouveau roman.<br>A nouveau, l&#8217;autrice nous parle de l&#8217;Iran et de sa famille au travers d&#8217;un \u00e9v\u00e9nement tragique : <br>&#8220;le 8 janvier 2023, le vol 752 d\u2019Ukraine International Airlines reliant T\u00e9h\u00e9ran \u00e0 Kiev s\u2019\u00e9crase six minutes apr\u00e8s le d\u00e9collage, entra\u00eenant la mort des 176 passagers et membres de l\u2019\u00e9quipage. Ce crash survient dans un contexte de tensions extr\u00eames entre l\u2019Iran et les \u00c9tats-Unis. \u00c0 travers l\u2019histoire de sa cousine Niloufar Sadr, pr\u00e9sente \u00e0 bord de l\u2019appareil, N\u00e9gar Djavadi relate cette trag\u00e9die.<br>Traumatisme national, la chute du PS752 est l\u2019un des \u00e9v\u00e9nements annonciateurs du mouvement r\u00e9volutionnaire qui s\u2019est empar\u00e9 de l\u2019Iran \u00e0 l\u2019automne 2022.&#8221;<\/p>\n\n\n\n<p>Un roman haletant qu&#8217;on ne l\u00e2che pas une minute!<\/p>\n\n\n\n<p>Avec le soutien de la<\/p>\n\n\n\n<figure class=\"wp-block-image size-large is-resized\"><a href=\"http:\/\/tulitu.eu\/wp\/wp-content\/uploads\/2019\/03\/logo_FWB.jpg\"><img loading=\"lazy\" decoding=\"async\" src=\"http:\/\/tulitu.eu\/wp\/wp-content\/uploads\/2019\/03\/logo_FWB-1024x299.jpg\" alt=\"\" class=\"wp-image-1422\" width=\"233\" height=\"68\" srcset=\"https:\/\/tulitu.eu\/wp\/wp-content\/uploads\/2019\/03\/logo_FWB-1024x299.jpg 1024w, https:\/\/tulitu.eu\/wp\/wp-content\/uploads\/2019\/03\/logo_FWB-300x87.jpg 300w, https:\/\/tulitu.eu\/wp\/wp-content\/uploads\/2019\/03\/logo_FWB-768x224.jpg 768w, https:\/\/tulitu.eu\/wp\/wp-content\/uploads\/2019\/03\/logo_FWB.jpg 1382w\" sizes=\"auto, (max-width: 233px) 100vw, 233px\" \/><\/a><\/figure>\n","protected":false},"excerpt":{"rendered":"<p>R\u00e9servation indispensable : https:\/\/www.eventbrite.be\/e\/billets-rencontre-aveclautrice-negar-djavadi-695348244317?aff=oddtdtcreator Nous avions ador\u00e9 ses deux romans pr\u00e9c\u00e9dents D\u00e9sorientale (Liana Levi) et Ar\u00e8ne (Liana Levi). N\u00e9gar Djavadi nous revient \u00e0 la rentr\u00e9e litt\u00e9raire avec un troisi\u00e8me roman La derni\u00e8re place (Stock). Nous sommes tr\u00e8s heureuses qu&#8217;elle aie accept\u00e9 notre invitation \u00e0 venir parler de son nouveau roman.A nouveau, l&#8217;autrice nous parle de &hellip; <a href=\"https:\/\/tulitu.eu\/wp\/?p=2394\" class=\"more-link\">Continue reading <span class=\"screen-reader-text\">Jeudi 7 septembre \u00e0 19h &#8211; Rencontre avec l&#8217;autrice N\u00e9gar Djavadi<\/span> <span class=\"meta-nav\">&rarr;<\/span><\/a><\/p>\n","protected":false},"author":1,"featured_media":0,"comment_status":"open","ping_status":"open","sticky":false,"template":"","format":"standard","meta":{"footnotes":""},"categories":[2],"tags":[],"class_list":["post-2394","post","type-post","status-publish","format-standard","hentry","category-agenda"],"_links":{"self":[{"href":"https:\/\/tulitu.eu\/wp\/index.php?rest_route=\/wp\/v2\/posts\/2394","targetHints":{"allow":["GET"]}}],"collection":[{"href":"https:\/\/tulitu.eu\/wp\/index.php?rest_route=\/wp\/v2\/posts"}],"about":[{"href":"https:\/\/tulitu.eu\/wp\/index.php?rest_route=\/wp\/v2\/types\/post"}],"author":[{"embeddable":true,"href":"https:\/\/tulitu.eu\/wp\/index.php?rest_route=\/wp\/v2\/users\/1"}],"replies":[{"embeddable":true,"href":"https:\/\/tulitu.eu\/wp\/index.php?rest_route=%2Fwp%2Fv2%2Fcomments&post=2394"}],"version-history":[{"count":3,"href":"https:\/\/tulitu.eu\/wp\/index.php?rest_route=\/wp\/v2\/posts\/2394\/revisions"}],"predecessor-version":[{"id":2401,"href":"https:\/\/tulitu.eu\/wp\/index.php?rest_route=\/wp\/v2\/posts\/2394\/revisions\/2401"}],"wp:attachment":[{"href":"https:\/\/tulitu.eu\/wp\/index.php?rest_route=%2Fwp%2Fv2%2Fmedia&parent=2394"}],"wp:term":[{"taxonomy":"category","embeddable":true,"href":"https:\/\/tulitu.eu\/wp\/index.php?rest_route=%2Fwp%2Fv2%2Fcategories&post=2394"},{"taxonomy":"post_tag","embeddable":true,"href":"https:\/\/tulitu.eu\/wp\/index.php?rest_route=%2Fwp%2Fv2%2Ftags&post=2394"}],"curies":[{"name":"wp","href":"https:\/\/api.w.org\/{rel}","templated":true}]}}