{"id":2374,"date":"2023-07-07T14:45:18","date_gmt":"2023-07-07T14:45:18","guid":{"rendered":"http:\/\/tulitu.eu\/wp\/?p=2374"},"modified":"2023-07-13T14:43:08","modified_gmt":"2023-07-13T14:43:08","slug":"conges-dete-du-24-juillet-au-15-aout","status":"publish","type":"post","link":"https:\/\/tulitu.eu\/wp\/?p=2374","title":{"rendered":"Cong\u00e9s d&#8217;\u00e9t\u00e9 du 24 juillet au 15 ao\u00fbt"},"content":{"rendered":"\n<p>H\u00e2te de vous revoir le 16 ao\u00fbt pour parler de nos coups de c\u0153ur de la rentr\u00e9e litt\u00e9raire!<\/p>\n\n\n\n<figure class=\"wp-block-image size-large\"><a href=\"http:\/\/tulitu.eu\/wp\/wp-content\/uploads\/2023\/07\/Vacances1.png\"><img loading=\"lazy\" decoding=\"async\" width=\"724\" height=\"1024\" src=\"http:\/\/tulitu.eu\/wp\/wp-content\/uploads\/2023\/07\/Vacances1-724x1024.png\" alt=\"\" class=\"wp-image-2386\" srcset=\"https:\/\/tulitu.eu\/wp\/wp-content\/uploads\/2023\/07\/Vacances1-724x1024.png 724w, https:\/\/tulitu.eu\/wp\/wp-content\/uploads\/2023\/07\/Vacances1-212x300.png 212w, https:\/\/tulitu.eu\/wp\/wp-content\/uploads\/2023\/07\/Vacances1-768x1086.png 768w, https:\/\/tulitu.eu\/wp\/wp-content\/uploads\/2023\/07\/Vacances1-1086x1536.png 1086w, https:\/\/tulitu.eu\/wp\/wp-content\/uploads\/2023\/07\/Vacances1-1448x2048.png 1448w, https:\/\/tulitu.eu\/wp\/wp-content\/uploads\/2023\/07\/Vacances1.png 1587w\" sizes=\"auto, (max-width: 724px) 100vw, 724px\" \/><\/a><\/figure>\n","protected":false},"excerpt":{"rendered":"<p>H\u00e2te de vous revoir le 16 ao\u00fbt pour parler de nos coups de c\u0153ur de la rentr\u00e9e litt\u00e9raire!<\/p>\n","protected":false},"author":1,"featured_media":0,"comment_status":"open","ping_status":"open","sticky":false,"template":"","format":"standard","meta":{"footnotes":""},"categories":[2],"tags":[],"class_list":["post-2374","post","type-post","status-publish","format-standard","hentry","category-agenda"],"_links":{"self":[{"href":"https:\/\/tulitu.eu\/wp\/index.php?rest_route=\/wp\/v2\/posts\/2374","targetHints":{"allow":["GET"]}}],"collection":[{"href":"https:\/\/tulitu.eu\/wp\/index.php?rest_route=\/wp\/v2\/posts"}],"about":[{"href":"https:\/\/tulitu.eu\/wp\/index.php?rest_route=\/wp\/v2\/types\/post"}],"author":[{"embeddable":true,"href":"https:\/\/tulitu.eu\/wp\/index.php?rest_route=\/wp\/v2\/users\/1"}],"replies":[{"embeddable":true,"href":"https:\/\/tulitu.eu\/wp\/index.php?rest_route=%2Fwp%2Fv2%2Fcomments&post=2374"}],"version-history":[{"count":2,"href":"https:\/\/tulitu.eu\/wp\/index.php?rest_route=\/wp\/v2\/posts\/2374\/revisions"}],"predecessor-version":[{"id":2387,"href":"https:\/\/tulitu.eu\/wp\/index.php?rest_route=\/wp\/v2\/posts\/2374\/revisions\/2387"}],"wp:attachment":[{"href":"https:\/\/tulitu.eu\/wp\/index.php?rest_route=%2Fwp%2Fv2%2Fmedia&parent=2374"}],"wp:term":[{"taxonomy":"category","embeddable":true,"href":"https:\/\/tulitu.eu\/wp\/index.php?rest_route=%2Fwp%2Fv2%2Fcategories&post=2374"},{"taxonomy":"post_tag","embeddable":true,"href":"https:\/\/tulitu.eu\/wp\/index.php?rest_route=%2Fwp%2Fv2%2Ftags&post=2374"}],"curies":[{"name":"wp","href":"https:\/\/api.w.org\/{rel}","templated":true}]}}