{"id":2364,"date":"2023-05-26T11:09:58","date_gmt":"2023-05-26T11:09:58","guid":{"rendered":"http:\/\/tulitu.eu\/wp\/?p=2364"},"modified":"2023-05-26T11:09:58","modified_gmt":"2023-05-26T11:09:58","slug":"mardi-13-juin-de-18h-a-19h30-dedicaces-avec-tiffanie-vande-ghinste","status":"publish","type":"post","link":"https:\/\/tulitu.eu\/wp\/?p=2364","title":{"rendered":"Mardi 13 juin de 18h \u00e0 19h30 &#8211; D\u00e9dicaces avec Tiffanie Vande Ghinste"},"content":{"rendered":"\n<figure class=\"wp-block-image size-full is-resized\"><a href=\"http:\/\/tulitu.eu\/wp\/wp-content\/uploads\/2023\/05\/349343689_911617769925730_4907425628548946922_n.jpg\"><img loading=\"lazy\" decoding=\"async\" src=\"http:\/\/tulitu.eu\/wp\/wp-content\/uploads\/2023\/05\/349343689_911617769925730_4907425628548946922_n.jpg\" alt=\"\" class=\"wp-image-2365\" width=\"372\" height=\"501\" srcset=\"https:\/\/tulitu.eu\/wp\/wp-content\/uploads\/2023\/05\/349343689_911617769925730_4907425628548946922_n.jpg 594w, https:\/\/tulitu.eu\/wp\/wp-content\/uploads\/2023\/05\/349343689_911617769925730_4907425628548946922_n-223x300.jpg 223w\" sizes=\"auto, (max-width: 372px) 100vw, 372px\" \/><\/a><\/figure>\n\n\n\n<p><strong>R\u00e9servation souhait\u00e9e par courriel \u00e0 librairie@tulitu.eu<\/strong><\/p>\n\n\n\n<p>Bienvenue \u00e0 la b\u00e9d\u00e9iste Tiffanie Vande Ghinste pour une s\u00e9ance de d\u00e9dicaces de sa BD <em>Plut\u00f4t jouir<\/em> publi\u00e9e chez Albin Michel (sc\u00e9nario de Swann Meralli).<\/p>\n\n\n\n<p>\u00ab Vivre sans raffut et s\u2019\u00e9teindre en silence \u00bb ?<br>Mich\u00e8le, 75 ans et beaucoup de poussi\u00e8res, ne veut plus l\u2019accepter.<br>Elle fugue de son EHPAD, direction Amsterdam car elle s\u2019est choisie<br>un objectif bien plus gai : jouir avant de mourir !<br>Road trip d\u00e9jant\u00e9, Plut\u00f4t Jouir interroge avec humour et tendresse<br>la question de la sexualit\u00e9 des a\u00een\u00e9s, et de la libert\u00e9 en g\u00e9n\u00e9ral.<\/p>\n","protected":false},"excerpt":{"rendered":"<p>R\u00e9servation souhait\u00e9e par courriel \u00e0 librairie@tulitu.eu Bienvenue \u00e0 la b\u00e9d\u00e9iste Tiffanie Vande Ghinste pour une s\u00e9ance de d\u00e9dicaces de sa BD Plut\u00f4t jouir publi\u00e9e chez Albin Michel (sc\u00e9nario de Swann Meralli). \u00ab Vivre sans raffut et s\u2019\u00e9teindre en silence \u00bb ?Mich\u00e8le, 75 ans et beaucoup de poussi\u00e8res, ne veut plus l\u2019accepter.Elle fugue de son EHPAD, &hellip; <a href=\"https:\/\/tulitu.eu\/wp\/?p=2364\" class=\"more-link\">Continue reading <span class=\"screen-reader-text\">Mardi 13 juin de 18h \u00e0 19h30 &#8211; D\u00e9dicaces avec Tiffanie Vande Ghinste<\/span> <span class=\"meta-nav\">&rarr;<\/span><\/a><\/p>\n","protected":false},"author":1,"featured_media":0,"comment_status":"open","ping_status":"open","sticky":false,"template":"","format":"standard","meta":{"footnotes":""},"categories":[1],"tags":[],"class_list":["post-2364","post","type-post","status-publish","format-standard","hentry","category-non-classe"],"_links":{"self":[{"href":"https:\/\/tulitu.eu\/wp\/index.php?rest_route=\/wp\/v2\/posts\/2364","targetHints":{"allow":["GET"]}}],"collection":[{"href":"https:\/\/tulitu.eu\/wp\/index.php?rest_route=\/wp\/v2\/posts"}],"about":[{"href":"https:\/\/tulitu.eu\/wp\/index.php?rest_route=\/wp\/v2\/types\/post"}],"author":[{"embeddable":true,"href":"https:\/\/tulitu.eu\/wp\/index.php?rest_route=\/wp\/v2\/users\/1"}],"replies":[{"embeddable":true,"href":"https:\/\/tulitu.eu\/wp\/index.php?rest_route=%2Fwp%2Fv2%2Fcomments&post=2364"}],"version-history":[{"count":1,"href":"https:\/\/tulitu.eu\/wp\/index.php?rest_route=\/wp\/v2\/posts\/2364\/revisions"}],"predecessor-version":[{"id":2366,"href":"https:\/\/tulitu.eu\/wp\/index.php?rest_route=\/wp\/v2\/posts\/2364\/revisions\/2366"}],"wp:attachment":[{"href":"https:\/\/tulitu.eu\/wp\/index.php?rest_route=%2Fwp%2Fv2%2Fmedia&parent=2364"}],"wp:term":[{"taxonomy":"category","embeddable":true,"href":"https:\/\/tulitu.eu\/wp\/index.php?rest_route=%2Fwp%2Fv2%2Fcategories&post=2364"},{"taxonomy":"post_tag","embeddable":true,"href":"https:\/\/tulitu.eu\/wp\/index.php?rest_route=%2Fwp%2Fv2%2Ftags&post=2364"}],"curies":[{"name":"wp","href":"https:\/\/api.w.org\/{rel}","templated":true}]}}