{"id":2361,"date":"2023-05-26T11:04:24","date_gmt":"2023-05-26T11:04:24","guid":{"rendered":"http:\/\/tulitu.eu\/wp\/?p=2361"},"modified":"2023-05-26T14:08:31","modified_gmt":"2023-05-26T14:08:31","slug":"lundi-5-juin-a-19h30-a-la-maison-poeme-rencontre-avec-natasha-kanape-fontaine","status":"publish","type":"post","link":"https:\/\/tulitu.eu\/wp\/?p=2361","title":{"rendered":"Lundi 5 juin \u00e0 19h30 \u00e0 la Maison Po\u00e8me &#8211; Rencontre avec Natasha Kanap\u00e9 Fontaine"},"content":{"rendered":"\n<figure class=\"wp-block-image size-full\"><a href=\"http:\/\/tulitu.eu\/wp\/wp-content\/uploads\/2023\/05\/Fvwd3nlX0AELuTp.width-600.jpg\"><img loading=\"lazy\" decoding=\"async\" width=\"600\" height=\"337\" src=\"http:\/\/tulitu.eu\/wp\/wp-content\/uploads\/2023\/05\/Fvwd3nlX0AELuTp.width-600.jpg\" alt=\"\" class=\"wp-image-2362\" srcset=\"https:\/\/tulitu.eu\/wp\/wp-content\/uploads\/2023\/05\/Fvwd3nlX0AELuTp.width-600.jpg 600w, https:\/\/tulitu.eu\/wp\/wp-content\/uploads\/2023\/05\/Fvwd3nlX0AELuTp.width-600-300x169.jpg 300w\" sizes=\"auto, (max-width: 600px) 100vw, 600px\" \/><\/a><\/figure>\n\n\n\n<p><strong>R\u00e9servation conseill\u00e9e :<\/strong> <a href=\"https:\/\/maisonpoeme.be\/billetterie\/\">https:\/\/maisonpoeme.be\/billetterie\/<\/a><\/p>\n\n\n\n<p>\u00c0 l\u2019occasion de la parution de son livre <em>Nauetakuan<\/em> en Europe, aux \u00e9ditions D\u00e9paysage, Natasha Kanap\u00e9 Fontaine sera \u00e0 la Maison po\u00e8me pour y parler de sa pratique d\u2019artiste pluridisciplinaire et d\u2019activiste, en dialogue avec Ariane Herman,  librairie de TULITU. Natasha Kanap\u00e9 Fontaine convoque sa m\u00e9moire, celle de sa famille, de son paysage natal et les met en mot, en son ou en image. Elle inscrit son geste dans l\u2019art autochtone, comme une mani\u00e8re de porter la voix et d\u2019affirmer les droits des communaut\u00e9s autochtones du Canada. En partenariat avec la librairie TULITU.<\/p>\n\n\n\n<h2 class=\"wp-block-heading\"><strong>\u00c0 propos de Natasha Kanap\u00e9 Fontain et <em>Nauetakuan<\/em><\/strong><\/h2>\n\n\n\n<p>Sous son nom complet <strong>\u0274\u1d00\u1d1c\u1d07\u1d1b\u1d00\u1d0b\u1d1c\u1d00\u0274&nbsp;<\/strong>\u2013 Un silence pour un bruit (D\u00e9paysage, 2023) le livre raconte la qu\u00eate identitaire de Monica, jeune artiste qui lutte pour faire sa place, faire face au rejet et au racisme syst\u00e9mique. Apr\u00e8s avoir abandonn\u00e9 son bac en histoire de l\u2019art, Monica d\u00e9couvre les toiles et installations de l\u2019artiste anishinabe Rebecca Belmore au d\u00e9tour d\u2019un vernissage. Elle en ressort boulevers\u00e9e, incapable \u00e0 pr\u00e9sent de taire la douleur et l\u2019h\u00e9ritage de la filiation qu\u2019elle porte en elle.<\/p>\n\n\n\n<p><strong>\u0274\u1d00\u1d1b\u1d00s\u029c\u1d00 \u1d0b\u1d00\u0274\u1d00\u1d18\u00e9 \u0493\u1d0f\u0274\u1d1b\u1d00\u026a\u0274\u1d07 :<\/strong><br>Natasha Kanap\u00e9 Fontaine est une \u00e9crivaine, po\u00e9tesse et artiste interdisciplinaire innue, originaire de la communaut\u00e9 de Pessamit au Qu\u00e9bec, et vivant \u00e0 Tio\u2019tia:ke (connu sous le nom de Montr\u00e9al). Ses \u0153uvres po\u00e9tiques et ses essais, dont Manifeste Assi, sont reconnus et salu\u00e9s par la critique, traduits en plusieurs langues et voyagent dans le monde. Natasha Kanap\u00e9 Fontaine a d\u2019abord marqu\u00e9 le territoire du Qu\u00e9bec par ses slams d\u00e8s 2012, de Rimouski \u00e0 Montr\u00e9al. En 2017, elle re\u00e7oit le Prix Droits et Libert\u00e9s pour sa po\u00e9sie et sa d\u00e9marche de rapprochement des peuples par l\u2019art, l\u2019\u00e9criture, la performance, le dialogue. Elle travaille \u00e9galement en traduction, sc\u00e9narisation, consultation en litt\u00e9rature autochtone, lecture sensible de contenu li\u00e9 aux Premiers Peuples. On la retrouve enfin parmi les rares actrices \u00e0 interpr\u00e9ter des personnages am\u00e9rindiens \u00e0 la t\u00e9l\u00e9vision qu\u00e9b\u00e9coise. &nbsp;Quand je dis que je suis une Innue de Pessamit, je d\u00e9signe ma place dans l\u2019univers. Ma d\u00e9marche d\u2019\u00e9criture s\u2019apparente \u00e0 une recherche identitaire\u2026 Comment peut-on rassembler les cultures sans qu\u2019il y ait fusion, m\u00e9lange qui \u00e9teigne l\u2019une ou l\u2019autre, assimilation ?&nbsp;\u00c9galement militante \u00e9cologiste, Natasha Kanap\u00e9 Fontaine est co-porte-parole, depuis 2013, du mouvement autochtone pancanadien Idle No More Qu\u00e9bec (Jamais plus l\u2019inaction). Sa d\u00e9marche artistique et litt\u00e9raire tend \u00e0 rassembler les peuples divergents par le dialogue, l\u2019\u00e9change, le partage des valeurs, en passant par le \u00abtannage des peaux\u00bb, mani\u00e8re m\u00e9taphorique de gratter les imperfections des pens\u00e9es et des consciences.<\/p>\n\n\n\n<p>\u00a9 Julien Lajoie-Lemay<\/p>\n\n\n\n<p><strong>En collaboration avec les<\/strong><\/p>\n\n\n\n<figure class=\"wp-block-image size-full is-resized\"><a href=\"http:\/\/tulitu.eu\/wp\/wp-content\/uploads\/2023\/05\/Logo-Midis-de-la-poesie-293x300-1.png\"><img loading=\"lazy\" decoding=\"async\" src=\"http:\/\/tulitu.eu\/wp\/wp-content\/uploads\/2023\/05\/Logo-Midis-de-la-poesie-293x300-1.png\" alt=\"\" class=\"wp-image-2367\" width=\"160\" height=\"164\"\/><\/a><\/figure>\n","protected":false},"excerpt":{"rendered":"<p>R\u00e9servation conseill\u00e9e : https:\/\/maisonpoeme.be\/billetterie\/ \u00c0 l\u2019occasion de la parution de son livre Nauetakuan en Europe, aux \u00e9ditions D\u00e9paysage, Natasha Kanap\u00e9 Fontaine sera \u00e0 la Maison po\u00e8me pour y parler de sa pratique d\u2019artiste pluridisciplinaire et d\u2019activiste, en dialogue avec Ariane Herman, librairie de TULITU. Natasha Kanap\u00e9 Fontaine convoque sa m\u00e9moire, celle de sa famille, de &hellip; <a href=\"https:\/\/tulitu.eu\/wp\/?p=2361\" class=\"more-link\">Continue reading <span class=\"screen-reader-text\">Lundi 5 juin \u00e0 19h30 \u00e0 la Maison Po\u00e8me &#8211; Rencontre avec Natasha Kanap\u00e9 Fontaine<\/span> <span class=\"meta-nav\">&rarr;<\/span><\/a><\/p>\n","protected":false},"author":1,"featured_media":0,"comment_status":"open","ping_status":"open","sticky":false,"template":"","format":"standard","meta":{"footnotes":""},"categories":[1],"tags":[],"class_list":["post-2361","post","type-post","status-publish","format-standard","hentry","category-non-classe"],"_links":{"self":[{"href":"https:\/\/tulitu.eu\/wp\/index.php?rest_route=\/wp\/v2\/posts\/2361","targetHints":{"allow":["GET"]}}],"collection":[{"href":"https:\/\/tulitu.eu\/wp\/index.php?rest_route=\/wp\/v2\/posts"}],"about":[{"href":"https:\/\/tulitu.eu\/wp\/index.php?rest_route=\/wp\/v2\/types\/post"}],"author":[{"embeddable":true,"href":"https:\/\/tulitu.eu\/wp\/index.php?rest_route=\/wp\/v2\/users\/1"}],"replies":[{"embeddable":true,"href":"https:\/\/tulitu.eu\/wp\/index.php?rest_route=%2Fwp%2Fv2%2Fcomments&post=2361"}],"version-history":[{"count":3,"href":"https:\/\/tulitu.eu\/wp\/index.php?rest_route=\/wp\/v2\/posts\/2361\/revisions"}],"predecessor-version":[{"id":2369,"href":"https:\/\/tulitu.eu\/wp\/index.php?rest_route=\/wp\/v2\/posts\/2361\/revisions\/2369"}],"wp:attachment":[{"href":"https:\/\/tulitu.eu\/wp\/index.php?rest_route=%2Fwp%2Fv2%2Fmedia&parent=2361"}],"wp:term":[{"taxonomy":"category","embeddable":true,"href":"https:\/\/tulitu.eu\/wp\/index.php?rest_route=%2Fwp%2Fv2%2Fcategories&post=2361"},{"taxonomy":"post_tag","embeddable":true,"href":"https:\/\/tulitu.eu\/wp\/index.php?rest_route=%2Fwp%2Fv2%2Ftags&post=2361"}],"curies":[{"name":"wp","href":"https:\/\/api.w.org\/{rel}","templated":true}]}}