{"id":235,"date":"2015-10-09T11:58:57","date_gmt":"2015-10-09T11:58:57","guid":{"rendered":"http:\/\/tulitu.eu\/wp\/?p=235"},"modified":"2015-10-10T19:39:36","modified_gmt":"2015-10-10T19:39:36","slug":"dimanche-25-octobre-a-16h-virginia-woolf-celebree-chez-tulitu","status":"publish","type":"post","link":"https:\/\/tulitu.eu\/wp\/?p=235","title":{"rendered":"Dimanche 25 octobre \u00e0 16h &#8211; Virginia Woolf c\u00e9l\u00e9br\u00e9e chez TULITU"},"content":{"rendered":"<p><a href=\"http:\/\/tulitu.eu\/wp\/wp-content\/uploads\/2015\/10\/portraitvirginia.jpg\"><img loading=\"lazy\" decoding=\"async\" class=\"alignnone size-medium wp-image-236\" src=\"http:\/\/tulitu.eu\/wp\/wp-content\/uploads\/2015\/10\/portraitvirginia-300x150.jpg\" alt=\"portraitvirginia\" width=\"300\" height=\"150\" srcset=\"https:\/\/tulitu.eu\/wp\/wp-content\/uploads\/2015\/10\/portraitvirginia-300x150.jpg 300w, https:\/\/tulitu.eu\/wp\/wp-content\/uploads\/2015\/10\/portraitvirginia-1024x512.jpg 1024w, https:\/\/tulitu.eu\/wp\/wp-content\/uploads\/2015\/10\/portraitvirginia.jpg 2000w\" sizes=\"auto, (max-width: 300px) 100vw, 300px\" \/><\/a><\/p>\n<p><span class=\"fsl\">Le premier romans de Virgina Woolf, &#8220;The Voyage Out&#8221; (La travers\u00e9e des apparences) a \u00e9t\u00e9 publi\u00e9 il y a 100 ans, et cette date nous donne l\u2019occasion de c\u00e9l\u00e9brer cette auteure remarquable.<\/span><\/p>\n<p>Juliana Dorso dira quelques mots sur Virginia Woolf, Brune Campos et Philippe Hunt liront des passages de ce premier roman, en fran\u00e7ais et en anglais.<\/p>\n<p>Parall\u00e8lement, une exposition d\u2019\u0153uvres originales d\u2019\u00e9tudiantes et anciennes \u00e9tudiantes de l\u2019Acad\u00e9mie royale des Beaux-Arts se d\u00e9roulera du 26 au 28 octobre \u00e0 \u00c9t\u00e9 78, 78 rue de l\u2019\u00c9t\u00e9, \u00e0 Ixelles.<\/p>\n<p>&nbsp;<\/p>\n<p>&nbsp;<\/p>\n","protected":false},"excerpt":{"rendered":"<p>Le premier romans de Virgina Woolf, &#8220;The Voyage Out&#8221; (La travers\u00e9e des apparences) a \u00e9t\u00e9 publi\u00e9 il y a 100 ans, et cette date nous donne l\u2019occasion de c\u00e9l\u00e9brer cette auteure remarquable. Juliana Dorso dira quelques mots sur Virginia Woolf, Brune Campos et Philippe Hunt liront des passages de ce premier roman, en fran\u00e7ais et &hellip; <a href=\"https:\/\/tulitu.eu\/wp\/?p=235\" class=\"more-link\">Continue reading <span class=\"screen-reader-text\">Dimanche 25 octobre \u00e0 16h &#8211; Virginia Woolf c\u00e9l\u00e9br\u00e9e chez TULITU<\/span> <span class=\"meta-nav\">&rarr;<\/span><\/a><\/p>\n","protected":false},"author":1,"featured_media":0,"comment_status":"open","ping_status":"open","sticky":false,"template":"","format":"standard","meta":{"footnotes":""},"categories":[2],"tags":[],"class_list":["post-235","post","type-post","status-publish","format-standard","hentry","category-agenda"],"_links":{"self":[{"href":"https:\/\/tulitu.eu\/wp\/index.php?rest_route=\/wp\/v2\/posts\/235","targetHints":{"allow":["GET"]}}],"collection":[{"href":"https:\/\/tulitu.eu\/wp\/index.php?rest_route=\/wp\/v2\/posts"}],"about":[{"href":"https:\/\/tulitu.eu\/wp\/index.php?rest_route=\/wp\/v2\/types\/post"}],"author":[{"embeddable":true,"href":"https:\/\/tulitu.eu\/wp\/index.php?rest_route=\/wp\/v2\/users\/1"}],"replies":[{"embeddable":true,"href":"https:\/\/tulitu.eu\/wp\/index.php?rest_route=%2Fwp%2Fv2%2Fcomments&post=235"}],"version-history":[{"count":2,"href":"https:\/\/tulitu.eu\/wp\/index.php?rest_route=\/wp\/v2\/posts\/235\/revisions"}],"predecessor-version":[{"id":246,"href":"https:\/\/tulitu.eu\/wp\/index.php?rest_route=\/wp\/v2\/posts\/235\/revisions\/246"}],"wp:attachment":[{"href":"https:\/\/tulitu.eu\/wp\/index.php?rest_route=%2Fwp%2Fv2%2Fmedia&parent=235"}],"wp:term":[{"taxonomy":"category","embeddable":true,"href":"https:\/\/tulitu.eu\/wp\/index.php?rest_route=%2Fwp%2Fv2%2Fcategories&post=235"},{"taxonomy":"post_tag","embeddable":true,"href":"https:\/\/tulitu.eu\/wp\/index.php?rest_route=%2Fwp%2Fv2%2Ftags&post=235"}],"curies":[{"name":"wp","href":"https:\/\/api.w.org\/{rel}","templated":true}]}}