{"id":2300,"date":"2023-02-10T17:08:51","date_gmt":"2023-02-10T17:08:51","guid":{"rendered":"https:\/\/tulitu.eu\/wp\/?p=2300"},"modified":"2023-02-15T12:22:40","modified_gmt":"2023-02-15T12:22:40","slug":"lundi-6-mars-a-18h-a-la-bellone-rencontre-avec-fatima-ouassak","status":"publish","type":"post","link":"https:\/\/tulitu.eu\/wp\/?p=2300","title":{"rendered":"COMPLET!!!!Lundi 6 mars \u00e0 18h \u00e0 la Bellone &#8211; Rencontre avec Fatima Ouassak"},"content":{"rendered":"\n<figure class=\"wp-block-image size-full is-resized\"><a href=\"https:\/\/tulitu.eu\/wp\/wp-content\/uploads\/2023\/02\/portrait-fatima.jpg\"><img loading=\"lazy\" decoding=\"async\" src=\"https:\/\/tulitu.eu\/wp\/wp-content\/uploads\/2023\/02\/portrait-fatima.jpg\" alt=\"\" class=\"wp-image-2303\" width=\"232\" height=\"155\" srcset=\"https:\/\/tulitu.eu\/wp\/wp-content\/uploads\/2023\/02\/portrait-fatima.jpg 400w, https:\/\/tulitu.eu\/wp\/wp-content\/uploads\/2023\/02\/portrait-fatima-300x200.jpg 300w\" sizes=\"auto, (max-width: 232px) 100vw, 232px\" \/><\/a><\/figure>\n\n\n\n<figure class=\"wp-block-image size-large is-resized\"><a href=\"https:\/\/tulitu.eu\/wp\/wp-content\/uploads\/2023\/02\/couverturefatima-1.jpg\"><img loading=\"lazy\" decoding=\"async\" src=\"https:\/\/tulitu.eu\/wp\/wp-content\/uploads\/2023\/02\/couverturefatima-1-674x1024.jpg\" alt=\"\" class=\"wp-image-2302\" width=\"168\" height=\"255\" srcset=\"https:\/\/tulitu.eu\/wp\/wp-content\/uploads\/2023\/02\/couverturefatima-1-674x1024.jpg 674w, https:\/\/tulitu.eu\/wp\/wp-content\/uploads\/2023\/02\/couverturefatima-1-197x300.jpg 197w, https:\/\/tulitu.eu\/wp\/wp-content\/uploads\/2023\/02\/couverturefatima-1-768x1167.jpg 768w, https:\/\/tulitu.eu\/wp\/wp-content\/uploads\/2023\/02\/couverturefatima-1.jpg 800w\" sizes=\"auto, (max-width: 168px) 100vw, 168px\" \/><\/a><\/figure>\n\n\n\n<p><strong>C&#8217;est complet \u00e0 la Bellone mais pas de panique, Ce qui nous arrive invite Fatima Ouassak le lendemain 7 mars \u00e0 9h. Les infos pour s&#8217;inscrire par ici: <a href=\"https:\/\/www.fdss.be\/fr\/?post_type=event&amp;p=8595\">https:\/\/www.fdss.be\/fr\/?post_type=event&amp;p=8595<\/a><\/strong><\/p>\n\n\n\n<p>Bienvenue \u00e0 Fatima Ouassak \u00e0 l&#8217;occasion de la parution de son livre <em>Pour une \u00e9cologie pirate<\/em> paru \u00e0 la D\u00e9couverte. Dans ce livre, l&#8217;autrice nous propose une \u00e9cologie radicale populaire, f\u00e9ministe et antiraciste.<\/p>\n\n\n\n<p>La rencontre sera anim\u00e9e par July Robert et aura lieu \u00e0 la Bellone (46 rue de Flandre 1000 Bruxelles).<\/p>\n\n\n\n<p>Une collaboration TULITU\/laBellone\/Ce qui nous arrive<\/p>\n\n\n\n<figure class=\"wp-block-image size-large is-resized\"><a href=\"https:\/\/tulitu.eu\/wp\/wp-content\/uploads\/2023\/02\/CQNA_site.png\"><img loading=\"lazy\" decoding=\"async\" src=\"https:\/\/tulitu.eu\/wp\/wp-content\/uploads\/2023\/02\/CQNA_site-1024x543.png\" alt=\"\" class=\"wp-image-2304\" width=\"252\" height=\"134\" srcset=\"https:\/\/tulitu.eu\/wp\/wp-content\/uploads\/2023\/02\/CQNA_site-1024x543.png 1024w, https:\/\/tulitu.eu\/wp\/wp-content\/uploads\/2023\/02\/CQNA_site-300x159.png 300w, https:\/\/tulitu.eu\/wp\/wp-content\/uploads\/2023\/02\/CQNA_site-768x407.png 768w, https:\/\/tulitu.eu\/wp\/wp-content\/uploads\/2023\/02\/CQNA_site-1536x814.png 1536w, https:\/\/tulitu.eu\/wp\/wp-content\/uploads\/2023\/02\/CQNA_site.png 1600w\" sizes=\"auto, (max-width: 252px) 100vw, 252px\" \/><\/a><\/figure>\n\n\n\n<figure class=\"wp-block-image size-full is-resized\"><a href=\"http:\/\/tulitu.eu\/wp\/wp-content\/uploads\/2019\/03\/logo-bellonne.png\"><img loading=\"lazy\" decoding=\"async\" src=\"http:\/\/tulitu.eu\/wp\/wp-content\/uploads\/2019\/03\/logo-bellonne.png\" alt=\"\" class=\"wp-image-1438\" width=\"111\" height=\"149\"\/><\/a><\/figure>\n\n\n\n<p>Avec le soutien de la <\/p>\n\n\n\n<figure class=\"wp-block-image size-large is-resized\"><a href=\"http:\/\/tulitu.eu\/wp\/wp-content\/uploads\/2019\/03\/logo_FWB.jpg\"><img loading=\"lazy\" decoding=\"async\" src=\"http:\/\/tulitu.eu\/wp\/wp-content\/uploads\/2019\/03\/logo_FWB-1024x299.jpg\" alt=\"\" class=\"wp-image-1422\" width=\"263\" height=\"77\" srcset=\"https:\/\/tulitu.eu\/wp\/wp-content\/uploads\/2019\/03\/logo_FWB-1024x299.jpg 1024w, https:\/\/tulitu.eu\/wp\/wp-content\/uploads\/2019\/03\/logo_FWB-300x87.jpg 300w, https:\/\/tulitu.eu\/wp\/wp-content\/uploads\/2019\/03\/logo_FWB-768x224.jpg 768w, https:\/\/tulitu.eu\/wp\/wp-content\/uploads\/2019\/03\/logo_FWB.jpg 1382w\" sizes=\"auto, (max-width: 263px) 100vw, 263px\" \/><\/a><\/figure>\n","protected":false},"excerpt":{"rendered":"<p>C&#8217;est complet \u00e0 la Bellone mais pas de panique, Ce qui nous arrive invite Fatima Ouassak le lendemain 7 mars \u00e0 9h. Les infos pour s&#8217;inscrire par ici: https:\/\/www.fdss.be\/fr\/?post_type=event&amp;p=8595 Bienvenue \u00e0 Fatima Ouassak \u00e0 l&#8217;occasion de la parution de son livre Pour une \u00e9cologie pirate paru \u00e0 la D\u00e9couverte. Dans ce livre, l&#8217;autrice nous propose &hellip; <a href=\"https:\/\/tulitu.eu\/wp\/?p=2300\" class=\"more-link\">Continue reading <span class=\"screen-reader-text\">COMPLET!!!!Lundi 6 mars \u00e0 18h \u00e0 la Bellone &#8211; Rencontre avec Fatima Ouassak<\/span> <span class=\"meta-nav\">&rarr;<\/span><\/a><\/p>\n","protected":false},"author":1,"featured_media":0,"comment_status":"open","ping_status":"open","sticky":false,"template":"","format":"standard","meta":{"footnotes":""},"categories":[2],"tags":[],"class_list":["post-2300","post","type-post","status-publish","format-standard","hentry","category-agenda"],"_links":{"self":[{"href":"https:\/\/tulitu.eu\/wp\/index.php?rest_route=\/wp\/v2\/posts\/2300","targetHints":{"allow":["GET"]}}],"collection":[{"href":"https:\/\/tulitu.eu\/wp\/index.php?rest_route=\/wp\/v2\/posts"}],"about":[{"href":"https:\/\/tulitu.eu\/wp\/index.php?rest_route=\/wp\/v2\/types\/post"}],"author":[{"embeddable":true,"href":"https:\/\/tulitu.eu\/wp\/index.php?rest_route=\/wp\/v2\/users\/1"}],"replies":[{"embeddable":true,"href":"https:\/\/tulitu.eu\/wp\/index.php?rest_route=%2Fwp%2Fv2%2Fcomments&post=2300"}],"version-history":[{"count":2,"href":"https:\/\/tulitu.eu\/wp\/index.php?rest_route=\/wp\/v2\/posts\/2300\/revisions"}],"predecessor-version":[{"id":2309,"href":"https:\/\/tulitu.eu\/wp\/index.php?rest_route=\/wp\/v2\/posts\/2300\/revisions\/2309"}],"wp:attachment":[{"href":"https:\/\/tulitu.eu\/wp\/index.php?rest_route=%2Fwp%2Fv2%2Fmedia&parent=2300"}],"wp:term":[{"taxonomy":"category","embeddable":true,"href":"https:\/\/tulitu.eu\/wp\/index.php?rest_route=%2Fwp%2Fv2%2Fcategories&post=2300"},{"taxonomy":"post_tag","embeddable":true,"href":"https:\/\/tulitu.eu\/wp\/index.php?rest_route=%2Fwp%2Fv2%2Ftags&post=2300"}],"curies":[{"name":"wp","href":"https:\/\/api.w.org\/{rel}","templated":true}]}}