{"id":2297,"date":"2023-01-25T11:17:25","date_gmt":"2023-01-25T11:17:25","guid":{"rendered":"https:\/\/tulitu.eu\/wp\/?p=2297"},"modified":"2023-01-25T11:17:25","modified_gmt":"2023-01-25T11:17:25","slug":"mercredi-1er-fevrier-a-19h-seance-de-dedicace-avec-florence-dupre-latour","status":"publish","type":"post","link":"https:\/\/tulitu.eu\/wp\/?p=2297","title":{"rendered":"Mercredi 1er f\u00e9vrier \u00e0 19h &#8211; S\u00e9ance de d\u00e9dicace avec Florence Dupr\u00e9 Latour"},"content":{"rendered":"\n<figure class=\"wp-block-image size-full is-resized\"><a href=\"https:\/\/tulitu.eu\/wp\/wp-content\/uploads\/2023\/01\/jumelle.jpg\"><img loading=\"lazy\" decoding=\"async\" src=\"https:\/\/tulitu.eu\/wp\/wp-content\/uploads\/2023\/01\/jumelle.jpg\" alt=\"\" class=\"wp-image-2298\" width=\"320\" height=\"432\" srcset=\"https:\/\/tulitu.eu\/wp\/wp-content\/uploads\/2023\/01\/jumelle.jpg 650w, https:\/\/tulitu.eu\/wp\/wp-content\/uploads\/2023\/01\/jumelle-222x300.jpg 222w\" sizes=\"auto, (max-width: 320px) 100vw, 320px\" \/><\/a><\/figure>\n\n\n\n<p><strong>Pour r\u00e9server :<\/strong> <a href=\"https:\/\/www.eventbrite.fr\/e\/billets-seance-de-dedicace-avec-la-bedeiste-florence-dupre-latour-524394537177\">https:\/\/www.eventbrite.fr\/e\/billets-seance-de-dedicace-avec-la-bedeiste-florence-dupre-latour-524394537177<\/a><\/p>\n\n\n\n<p>Bienvenue \u00e0 Florence Dupr\u00e9 Latour pour une s\u00e9ance de d\u00e9dicace de son nouvel album <em>Jumelle<\/em> paru chez Dargaud.<\/p>\n\n\n\n<p>Apr\u00e8s &#8220;Cruelle &#8220;et &#8220;Pucelle&#8221; (tomes 1 et 2), Florence Dupr\u00e9 la Tour continue d&#8217;explorer sans concession son enfance dont voici le troisi\u00e8me opus, en deux parties : sa vie avec sa s\u0153ur jumelle.<\/p>\n\n\n\n<p>Toujours aussi dr\u00f4le et grin\u00e7ant!<\/p>\n\n\n\n<p>Le lien pour en savoir plus : <a href=\"https:\/\/www.dargaud.com\/actualites\/florence-dupre-la-tour-raconte-le-couple-gemellaire-dans-jumelle-photo\">https:\/\/www.dargaud.com\/actualites\/florence-dupre-la-tour-raconte-le-couple-gemellaire-dans-jumelle-photo<\/a><\/p>\n\n\n\n<p><\/p>\n\n\n\n<p>&#8211;<\/p>\n","protected":false},"excerpt":{"rendered":"<p>Pour r\u00e9server : https:\/\/www.eventbrite.fr\/e\/billets-seance-de-dedicace-avec-la-bedeiste-florence-dupre-latour-524394537177 Bienvenue \u00e0 Florence Dupr\u00e9 Latour pour une s\u00e9ance de d\u00e9dicace de son nouvel album Jumelle paru chez Dargaud. Apr\u00e8s &#8220;Cruelle &#8220;et &#8220;Pucelle&#8221; (tomes 1 et 2), Florence Dupr\u00e9 la Tour continue d&#8217;explorer sans concession son enfance dont voici le troisi\u00e8me opus, en deux parties : sa vie avec sa s\u0153ur jumelle. &hellip; <a href=\"https:\/\/tulitu.eu\/wp\/?p=2297\" class=\"more-link\">Continue reading <span class=\"screen-reader-text\">Mercredi 1er f\u00e9vrier \u00e0 19h &#8211; S\u00e9ance de d\u00e9dicace avec Florence Dupr\u00e9 Latour<\/span> <span class=\"meta-nav\">&rarr;<\/span><\/a><\/p>\n","protected":false},"author":1,"featured_media":0,"comment_status":"open","ping_status":"open","sticky":false,"template":"","format":"standard","meta":{"footnotes":""},"categories":[2],"tags":[],"class_list":["post-2297","post","type-post","status-publish","format-standard","hentry","category-agenda"],"_links":{"self":[{"href":"https:\/\/tulitu.eu\/wp\/index.php?rest_route=\/wp\/v2\/posts\/2297","targetHints":{"allow":["GET"]}}],"collection":[{"href":"https:\/\/tulitu.eu\/wp\/index.php?rest_route=\/wp\/v2\/posts"}],"about":[{"href":"https:\/\/tulitu.eu\/wp\/index.php?rest_route=\/wp\/v2\/types\/post"}],"author":[{"embeddable":true,"href":"https:\/\/tulitu.eu\/wp\/index.php?rest_route=\/wp\/v2\/users\/1"}],"replies":[{"embeddable":true,"href":"https:\/\/tulitu.eu\/wp\/index.php?rest_route=%2Fwp%2Fv2%2Fcomments&post=2297"}],"version-history":[{"count":1,"href":"https:\/\/tulitu.eu\/wp\/index.php?rest_route=\/wp\/v2\/posts\/2297\/revisions"}],"predecessor-version":[{"id":2299,"href":"https:\/\/tulitu.eu\/wp\/index.php?rest_route=\/wp\/v2\/posts\/2297\/revisions\/2299"}],"wp:attachment":[{"href":"https:\/\/tulitu.eu\/wp\/index.php?rest_route=%2Fwp%2Fv2%2Fmedia&parent=2297"}],"wp:term":[{"taxonomy":"category","embeddable":true,"href":"https:\/\/tulitu.eu\/wp\/index.php?rest_route=%2Fwp%2Fv2%2Fcategories&post=2297"},{"taxonomy":"post_tag","embeddable":true,"href":"https:\/\/tulitu.eu\/wp\/index.php?rest_route=%2Fwp%2Fv2%2Ftags&post=2297"}],"curies":[{"name":"wp","href":"https:\/\/api.w.org\/{rel}","templated":true}]}}