{"id":2262,"date":"2023-01-14T16:03:45","date_gmt":"2023-01-14T16:03:45","guid":{"rendered":"https:\/\/tulitu.eu\/wp\/?p=2262"},"modified":"2023-01-14T16:03:45","modified_gmt":"2023-01-14T16:03:45","slug":"jeudi-12-janvier-a-19h-dedicace-avec-adlynn-fischer","status":"publish","type":"post","link":"https:\/\/tulitu.eu\/wp\/?p=2262","title":{"rendered":"Jeudi 12 janvier \u00e0 19h &#8211; D\u00e9dicace avec Adlynn Fischer"},"content":{"rendered":"\n<figure class=\"wp-block-image size-full\"><a href=\"https:\/\/tulitu.eu\/wp\/wp-content\/uploads\/2023\/01\/fischer.jpg\"><img loading=\"lazy\" decoding=\"async\" width=\"960\" height=\"960\" src=\"https:\/\/tulitu.eu\/wp\/wp-content\/uploads\/2023\/01\/fischer.jpg\" alt=\"\" class=\"wp-image-2263\" srcset=\"https:\/\/tulitu.eu\/wp\/wp-content\/uploads\/2023\/01\/fischer.jpg 960w, https:\/\/tulitu.eu\/wp\/wp-content\/uploads\/2023\/01\/fischer-300x300.jpg 300w, https:\/\/tulitu.eu\/wp\/wp-content\/uploads\/2023\/01\/fischer-150x150.jpg 150w, https:\/\/tulitu.eu\/wp\/wp-content\/uploads\/2023\/01\/fischer-768x768.jpg 768w\" sizes=\"auto, (max-width: 960px) 100vw, 960px\" \/><\/a><\/figure>\n\n\n\n<p>Bienvenue \u00e0 Adlynn Fischer pour la d\u00e9dicace de sa premi\u00e8re BD, l&#8217;\u00e9t\u00e9 du vertige, publi\u00e9e par la Ville Br\u00fble!<\/p>\n","protected":false},"excerpt":{"rendered":"<p>Bienvenue \u00e0 Adlynn Fischer pour la d\u00e9dicace de sa premi\u00e8re BD, l&#8217;\u00e9t\u00e9 du vertige, publi\u00e9e par la Ville Br\u00fble!<\/p>\n","protected":false},"author":1,"featured_media":0,"comment_status":"open","ping_status":"open","sticky":false,"template":"","format":"standard","meta":{"footnotes":""},"categories":[2],"tags":[],"class_list":["post-2262","post","type-post","status-publish","format-standard","hentry","category-agenda"],"_links":{"self":[{"href":"https:\/\/tulitu.eu\/wp\/index.php?rest_route=\/wp\/v2\/posts\/2262","targetHints":{"allow":["GET"]}}],"collection":[{"href":"https:\/\/tulitu.eu\/wp\/index.php?rest_route=\/wp\/v2\/posts"}],"about":[{"href":"https:\/\/tulitu.eu\/wp\/index.php?rest_route=\/wp\/v2\/types\/post"}],"author":[{"embeddable":true,"href":"https:\/\/tulitu.eu\/wp\/index.php?rest_route=\/wp\/v2\/users\/1"}],"replies":[{"embeddable":true,"href":"https:\/\/tulitu.eu\/wp\/index.php?rest_route=%2Fwp%2Fv2%2Fcomments&post=2262"}],"version-history":[{"count":1,"href":"https:\/\/tulitu.eu\/wp\/index.php?rest_route=\/wp\/v2\/posts\/2262\/revisions"}],"predecessor-version":[{"id":2264,"href":"https:\/\/tulitu.eu\/wp\/index.php?rest_route=\/wp\/v2\/posts\/2262\/revisions\/2264"}],"wp:attachment":[{"href":"https:\/\/tulitu.eu\/wp\/index.php?rest_route=%2Fwp%2Fv2%2Fmedia&parent=2262"}],"wp:term":[{"taxonomy":"category","embeddable":true,"href":"https:\/\/tulitu.eu\/wp\/index.php?rest_route=%2Fwp%2Fv2%2Fcategories&post=2262"},{"taxonomy":"post_tag","embeddable":true,"href":"https:\/\/tulitu.eu\/wp\/index.php?rest_route=%2Fwp%2Fv2%2Ftags&post=2262"}],"curies":[{"name":"wp","href":"https:\/\/api.w.org\/{rel}","templated":true}]}}