{"id":2248,"date":"2022-10-24T14:26:16","date_gmt":"2022-10-24T14:26:16","guid":{"rendered":"http:\/\/tulitu.eu\/wp\/?p=2248"},"modified":"2022-10-24T14:26:16","modified_gmt":"2022-10-24T14:26:16","slug":"mercredi-9-novembre-a-19h-rencontre-avec-rose-lamy","status":"publish","type":"post","link":"https:\/\/tulitu.eu\/wp\/?p=2248","title":{"rendered":"Mercredi 9 novembre \u00e0 19h Rencontre avec Rose Lamy"},"content":{"rendered":"\n<figure class=\"wp-block-image is-resized\"><img loading=\"lazy\" decoding=\"async\" src=\"https:\/\/tulitu.eu\/wp\/wp-content\/uploads\/2022\/10\/roselamy-1024x768.jpg\" alt=\"\" class=\"wp-image-2249\" width=\"215\" height=\"287\"\/><\/figure>\n\n\n\n<p><strong>R\u00e9servation indispensable<\/strong> : <a href=\"https:\/\/www.eventbrite.fr\/e\/billets-rencontre-avec-rose-lamy-449497277457\">https:\/\/www.eventbrite.fr\/e\/billets-rencontre-avec-rose-lamy-449497277457<\/a><\/p>\n\n\n\n<p> Bienvenue \u00e0 Rose Lamy \u00e0 l&#8217;occasion de la parution de  <em>Moi aussi Metoo, au-del\u00e0 du hashtag<\/em> paru chez Latt\u00e8s.<\/p>\n\n\n\n<p>Rose  Lamy a cr\u00e9\u00e9 en 2019 le compte Instagram \u00ab Pr\u00e9parez-vous pour la  bagarre \u00bb. <\/p>\n\n\n\n<p>Son premier  livre, <em>D\u00e9faire le discours sexiste dans les m\u00e9dias <\/em>(Latt\u00e8s, Points) a rencontr\u00e9 un vif succ\u00e8s.<\/p>\n\n\n\n<p> \u00c0 l\u2019occasion des 5 ans de #MeToo,  Rose  Lamy a dirig\u00e9 une ouvrage qui croise les regards de neuf femmes sur cette r\u00e9volution  f\u00e9ministe, ses limites, ses enjeux et ses perspectives : avec  les textes de : Ang\u00e8le, Rokhaya Diallo, Elvire Duvelle-Charles, Camille  Froidevaux-Metterie, Rose Lamy, Lexie, Louz, Christelle Murhula et  Reine Prat. <\/p>\n\n\n\n<p>Avec le soutien de la <\/p>\n\n\n\n<figure class=\"wp-block-image is-resized\"><img loading=\"lazy\" decoding=\"async\" src=\"http:\/\/tulitu.eu\/wp\/wp-content\/uploads\/2019\/03\/logo_FWB-1024x299.jpg\" alt=\"\" class=\"wp-image-1422\" width=\"296\" height=\"86\" srcset=\"https:\/\/tulitu.eu\/wp\/wp-content\/uploads\/2019\/03\/logo_FWB-1024x299.jpg 1024w, https:\/\/tulitu.eu\/wp\/wp-content\/uploads\/2019\/03\/logo_FWB-300x87.jpg 300w, https:\/\/tulitu.eu\/wp\/wp-content\/uploads\/2019\/03\/logo_FWB-768x224.jpg 768w, https:\/\/tulitu.eu\/wp\/wp-content\/uploads\/2019\/03\/logo_FWB.jpg 1382w\" sizes=\"auto, (max-width: 296px) 100vw, 296px\" \/><\/figure>\n","protected":false},"excerpt":{"rendered":"<p>R\u00e9servation indispensable : https:\/\/www.eventbrite.fr\/e\/billets-rencontre-avec-rose-lamy-449497277457 Bienvenue \u00e0 Rose Lamy \u00e0 l&#8217;occasion de la parution de Moi aussi Metoo, au-del\u00e0 du hashtag paru chez Latt\u00e8s. Rose Lamy a cr\u00e9\u00e9 en 2019 le compte Instagram \u00ab Pr\u00e9parez-vous pour la bagarre \u00bb. Son premier livre, D\u00e9faire le discours sexiste dans les m\u00e9dias (Latt\u00e8s, Points) a rencontr\u00e9 un vif succ\u00e8s. &hellip; <a href=\"https:\/\/tulitu.eu\/wp\/?p=2248\" class=\"more-link\">Continue reading <span class=\"screen-reader-text\">Mercredi 9 novembre \u00e0 19h Rencontre avec Rose Lamy<\/span> <span class=\"meta-nav\">&rarr;<\/span><\/a><\/p>\n","protected":false},"author":1,"featured_media":0,"comment_status":"open","ping_status":"open","sticky":false,"template":"","format":"standard","meta":{"footnotes":""},"categories":[2],"tags":[],"class_list":["post-2248","post","type-post","status-publish","format-standard","hentry","category-agenda"],"_links":{"self":[{"href":"https:\/\/tulitu.eu\/wp\/index.php?rest_route=\/wp\/v2\/posts\/2248","targetHints":{"allow":["GET"]}}],"collection":[{"href":"https:\/\/tulitu.eu\/wp\/index.php?rest_route=\/wp\/v2\/posts"}],"about":[{"href":"https:\/\/tulitu.eu\/wp\/index.php?rest_route=\/wp\/v2\/types\/post"}],"author":[{"embeddable":true,"href":"https:\/\/tulitu.eu\/wp\/index.php?rest_route=\/wp\/v2\/users\/1"}],"replies":[{"embeddable":true,"href":"https:\/\/tulitu.eu\/wp\/index.php?rest_route=%2Fwp%2Fv2%2Fcomments&post=2248"}],"version-history":[{"count":1,"href":"https:\/\/tulitu.eu\/wp\/index.php?rest_route=\/wp\/v2\/posts\/2248\/revisions"}],"predecessor-version":[{"id":2250,"href":"https:\/\/tulitu.eu\/wp\/index.php?rest_route=\/wp\/v2\/posts\/2248\/revisions\/2250"}],"wp:attachment":[{"href":"https:\/\/tulitu.eu\/wp\/index.php?rest_route=%2Fwp%2Fv2%2Fmedia&parent=2248"}],"wp:term":[{"taxonomy":"category","embeddable":true,"href":"https:\/\/tulitu.eu\/wp\/index.php?rest_route=%2Fwp%2Fv2%2Fcategories&post=2248"},{"taxonomy":"post_tag","embeddable":true,"href":"https:\/\/tulitu.eu\/wp\/index.php?rest_route=%2Fwp%2Fv2%2Ftags&post=2248"}],"curies":[{"name":"wp","href":"https:\/\/api.w.org\/{rel}","templated":true}]}}