{"id":2238,"date":"2022-09-28T14:15:38","date_gmt":"2022-09-28T14:15:38","guid":{"rendered":"http:\/\/tulitu.eu\/wp\/?p=2238"},"modified":"2022-09-28T14:15:38","modified_gmt":"2022-09-28T14:15:38","slug":"jeudi-20-octobre-a-19h-rencontre-avec-lautrice-juliana-leveille-trudel","status":"publish","type":"post","link":"https:\/\/tulitu.eu\/wp\/?p=2238","title":{"rendered":"Jeudi 20 octobre \u00e0 19h Rencontre avec l&#8217;autrice Juliana L\u00e9veill\u00e9-Trudel"},"content":{"rendered":"\n<figure class=\"wp-block-image is-resized\"><img loading=\"lazy\" decoding=\"async\" src=\"https:\/\/tulitu.eu\/wp\/wp-content\/uploads\/2022\/09\/juliana.png\" alt=\"\" class=\"wp-image-2239\" width=\"177\" height=\"266\" srcset=\"https:\/\/tulitu.eu\/wp\/wp-content\/uploads\/2022\/09\/juliana.png 226w, https:\/\/tulitu.eu\/wp\/wp-content\/uploads\/2022\/09\/juliana-200x300.png 200w\" sizes=\"auto, (max-width: 177px) 100vw, 177px\" \/><\/figure>\n\n\n\n<p><strong>Pour r\u00e9server : <\/strong><a href=\"https:\/\/www.eventbrite.fr\/e\/billets-rencontre-avec-lautrice-juliana-leveille-trudel-428570484857\">https:\/\/www.eventbrite.fr\/e\/billets-rencontre-avec-lautrice-juliana-leveille-trudel-428570484857<\/a><\/p>\n\n\n\n<p>Bienvenue \u00e0 l&#8217;autrice qu\u00e9b\u00e9coise Juliana L\u00e9veill\u00e9-Trudel \u00e0 l&#8217;occasion de la parution de son deuxi\u00e8me roman <em>On a tout l&#8217;automne <\/em>publi\u00e9 aux \u00e9ditions de la Peuplade.<\/p>\n\n\n\n<p> Juliana L\u00e9veill\u00e9-Trudel est une autrice montr\u00e9alaise qui \u00e9crit du roman, du th\u00e9\u00e2tre et de la litt\u00e9rature jeunesse. Elle a travaill\u00e9 au Nunavik dans le domaine de l\u2019\u00e9ducation. Son premier roman, <em>Nirliit<\/em>, parle de la condition des femmes au Nanavik et il a remport\u00e9 un vif succ\u00e8s !<\/p>\n\n\n\n<p>Voici la pr\u00e9sentation de l&#8217;\u00e9diteur \u00e0 propos de <em>On a tout l&#8217;automne <\/em>:<\/p>\n\n\n\n<p>&#8220;Septembre au Nunavik, la toundra se couvre de petits fruits rouges flamboyants. Une jeune femme retourne \u00e0 Salluit, deux ans apr\u00e8s sa derni\u00e8re visite, et quelques le\u00e7ons d\u2019inuttitut plus tard. Certains des enfants qu\u2019elle a connus au camp de jour sont maintenant adolescents. Maggie, Sarah, Louisa, Elisapie et Nathan aiment sortir en quatre-roues, p\u00eacher ou encore partir plusieurs jours chasser le lagop\u00e8de. Ils ont leurs secrets, leurs blessures. Leur enfance s\u2019\u00e9vapore sous les aurores bor\u00e9ales.<\/p>\n\n\n\n<p>Dans ce roman, o\u00f9 la r\u00e9silience d\u2019une communaut\u00e9 tourn\u00e9e vers l\u2019avenir de sa jeunesse ne vacille jamais, il n\u2019y a pas d\u2019\u00e2ge pour devenir adulte. Alors que soufflent les premiers blizzards de l\u2019automne, Juliana L\u00e9veill\u00e9-Trudel offre un r\u00e9cit tendre sur le deuil et la peur de perdre ceux que l\u2019on aime.<\/p>\n\n\n\n<p><em>La question qui me revenait de plus en plus souvent en t\u00eate : existait-il une fa\u00e7on de renouer avec eux? Sans leur dire quoi faire, cette fois. Plut\u00f4t en leur laissant la parole, en \u00e9coutant leurs histoires. Faire un bout de chemin pour aller les retrouver dans leur langue.&#8221;<\/em><br><\/p>\n\n\n\n<p>Avec le soutien de la :<\/p>\n\n\n\n<figure class=\"wp-block-image is-resized\"><img loading=\"lazy\" decoding=\"async\" src=\"http:\/\/tulitu.eu\/wp\/wp-content\/uploads\/2019\/03\/logo_FWB-1024x299.jpg\" alt=\"\" class=\"wp-image-1422\" width=\"210\" height=\"61\" srcset=\"https:\/\/tulitu.eu\/wp\/wp-content\/uploads\/2019\/03\/logo_FWB-1024x299.jpg 1024w, https:\/\/tulitu.eu\/wp\/wp-content\/uploads\/2019\/03\/logo_FWB-300x87.jpg 300w, https:\/\/tulitu.eu\/wp\/wp-content\/uploads\/2019\/03\/logo_FWB-768x224.jpg 768w, https:\/\/tulitu.eu\/wp\/wp-content\/uploads\/2019\/03\/logo_FWB.jpg 1382w\" sizes=\"auto, (max-width: 210px) 100vw, 210px\" \/><\/figure>\n","protected":false},"excerpt":{"rendered":"<p>Pour r\u00e9server : https:\/\/www.eventbrite.fr\/e\/billets-rencontre-avec-lautrice-juliana-leveille-trudel-428570484857 Bienvenue \u00e0 l&#8217;autrice qu\u00e9b\u00e9coise Juliana L\u00e9veill\u00e9-Trudel \u00e0 l&#8217;occasion de la parution de son deuxi\u00e8me roman On a tout l&#8217;automne publi\u00e9 aux \u00e9ditions de la Peuplade. Juliana L\u00e9veill\u00e9-Trudel est une autrice montr\u00e9alaise qui \u00e9crit du roman, du th\u00e9\u00e2tre et de la litt\u00e9rature jeunesse. Elle a travaill\u00e9 au Nunavik dans le domaine de &hellip; <a href=\"https:\/\/tulitu.eu\/wp\/?p=2238\" class=\"more-link\">Continue reading <span class=\"screen-reader-text\">Jeudi 20 octobre \u00e0 19h Rencontre avec l&#8217;autrice Juliana L\u00e9veill\u00e9-Trudel<\/span> <span class=\"meta-nav\">&rarr;<\/span><\/a><\/p>\n","protected":false},"author":1,"featured_media":0,"comment_status":"open","ping_status":"open","sticky":false,"template":"","format":"standard","meta":{"footnotes":""},"categories":[2],"tags":[],"class_list":["post-2238","post","type-post","status-publish","format-standard","hentry","category-agenda"],"_links":{"self":[{"href":"https:\/\/tulitu.eu\/wp\/index.php?rest_route=\/wp\/v2\/posts\/2238","targetHints":{"allow":["GET"]}}],"collection":[{"href":"https:\/\/tulitu.eu\/wp\/index.php?rest_route=\/wp\/v2\/posts"}],"about":[{"href":"https:\/\/tulitu.eu\/wp\/index.php?rest_route=\/wp\/v2\/types\/post"}],"author":[{"embeddable":true,"href":"https:\/\/tulitu.eu\/wp\/index.php?rest_route=\/wp\/v2\/users\/1"}],"replies":[{"embeddable":true,"href":"https:\/\/tulitu.eu\/wp\/index.php?rest_route=%2Fwp%2Fv2%2Fcomments&post=2238"}],"version-history":[{"count":2,"href":"https:\/\/tulitu.eu\/wp\/index.php?rest_route=\/wp\/v2\/posts\/2238\/revisions"}],"predecessor-version":[{"id":2241,"href":"https:\/\/tulitu.eu\/wp\/index.php?rest_route=\/wp\/v2\/posts\/2238\/revisions\/2241"}],"wp:attachment":[{"href":"https:\/\/tulitu.eu\/wp\/index.php?rest_route=%2Fwp%2Fv2%2Fmedia&parent=2238"}],"wp:term":[{"taxonomy":"category","embeddable":true,"href":"https:\/\/tulitu.eu\/wp\/index.php?rest_route=%2Fwp%2Fv2%2Fcategories&post=2238"},{"taxonomy":"post_tag","embeddable":true,"href":"https:\/\/tulitu.eu\/wp\/index.php?rest_route=%2Fwp%2Fv2%2Ftags&post=2238"}],"curies":[{"name":"wp","href":"https:\/\/api.w.org\/{rel}","templated":true}]}}