{"id":2147,"date":"2022-02-03T17:45:24","date_gmt":"2022-02-03T17:45:24","guid":{"rendered":"http:\/\/tulitu.eu\/wp\/?p=2147"},"modified":"2022-02-16T09:28:38","modified_gmt":"2022-02-16T09:28:38","slug":"jeudi-10-mars-a-19h-rencontre-avec-diglee","status":"publish","type":"post","link":"https:\/\/tulitu.eu\/wp\/?p=2147","title":{"rendered":"COMPLET &#8211; Jeudi 10 mars \u00e0 19h Rencontre avec Diglee"},"content":{"rendered":"\n<figure class=\"wp-block-image\"><img loading=\"lazy\" decoding=\"async\" width=\"800\" height=\"400\" src=\"http:\/\/tulitu.eu\/wp\/wp-content\/uploads\/2022\/02\/diglee.jpg\" alt=\"\" class=\"wp-image-2148\" srcset=\"https:\/\/tulitu.eu\/wp\/wp-content\/uploads\/2022\/02\/diglee.jpg 800w, https:\/\/tulitu.eu\/wp\/wp-content\/uploads\/2022\/02\/diglee-300x150.jpg 300w, https:\/\/tulitu.eu\/wp\/wp-content\/uploads\/2022\/02\/diglee-768x384.jpg 768w\" sizes=\"auto, (max-width: 800px) 100vw, 800px\" \/><\/figure>\n\n\n\n<p><strong>COMPLET<\/strong><\/p>\n\n\n\n<p><strong>Un Ap\u00e9ro po\u00e9sie avec Diglee<\/strong><\/p>\n\n\n\n<p><em>\u00ab Oui, les femmes \u00e9crivent de la po\u00e9sie (et non, leur po\u00e9sie \nn\u2019est ni uniforme ni mi\u00e8vre). J\u2019avais envie dans ce livre de partager \navec vous ces mots qui m\u2019ont tant \u00e9mue. Et de faire la peau au vieux \nclich\u00e9 qui voudrait que la po\u00e9sie soit un genre litt\u00e9raire r\u00e9serv\u00e9 aux \nbancs de l\u2019\u00e9cole ou, pire encore, \u00e0 une \u00e9lite. \u00bb<\/em> Diglee<\/p>\n\n\n\n<p>Parue \u00e0 la Ville Br\u00fble,  <em>Je  serai le feu<\/em> est une anthologie sensible et subjective, dans laquelle  Diglee r\u00e9unit cinquante po\u00e9tesses des 19e, 20e et 21e si\u00e8cles. Certaines  d\u2019entre elles sont tr\u00e8s connues, d\u2019autres sont tomb\u00e9es dans l\u2019oubli.  Toutes ont en commun d\u2019avoir marqu\u00e9 leur \u00e9poque, et d\u2019avoir \u00e9crit de  sublimes po\u00e8mes. Pour chacune d\u2019entre elles, Diglee a r\u00e9alis\u00e9 un  portrait ou une illustration originale, r\u00e9dig\u00e9 une biographie, et  s\u00e9lectionn\u00e9 ses po\u00e8mes pr\u00e9f\u00e9r\u00e9s.<\/p>\n\n\n\n<p>Les po\u00e8mes anglophones in\u00e9dits en fran\u00e7ais ont \u00e9t\u00e9 traduits de l\u2019anglais par Cl\u00e9mentine Beauvais.<\/p>\n\n\n\n<p>Maureen  Wingrove (Diglee) est une illustratrice, autrice de bande dessin\u00e9e et  romanci\u00e8re fran\u00e7aise. Elle est \u00e9galement passionn\u00e9e de po\u00e9sie et de  litt\u00e9rature. Elle a r\u00e9cemment publi\u00e9 <em>Libres<\/em> et Baiser apr\u00e8s #MeToo (avec  Ovidie), ainsi qu&#8217;un premier r\u00e9cit litt\u00e9raire sensible et puissant  intitul\u00e9 <em>Ressac <\/em>publi\u00e9 \u00e9galement \u00e0 la Ville Br\u00fble<em>.<\/em> <\/p>\n\n\n\n<p>Cl\u00e9mentine Beauvais est romanci\u00e8re et  traductrice fran\u00e7aise. Elle a r\u00e9cemment publi\u00e9 <em>D\u00e9compos\u00e9e<\/em>  (L\u2019Iconoclaste) et <em>Sainte Marguerite-Marie et moi <\/em>(Quasar).<\/p>\n\n\n\n<p>La rencontre sera anim\u00e9e par M\u00e9lanie Godin, Directrice des Midis de la Po\u00e9sie. Elle sera suivie d&#8217;une s\u00e9ance de d\u00e9dicaces.<br><\/p>\n\n\n\n<p>Une collaboration TULITU\/ Les Midis de la po\u00e9sie<\/p>\n\n\n\n<p>Avec le soutien de la :<\/p>\n\n\n\n<figure class=\"wp-block-image\"><img loading=\"lazy\" decoding=\"async\" width=\"1024\" height=\"299\" src=\"http:\/\/tulitu.eu\/wp\/wp-content\/uploads\/2019\/03\/logo_FWB-1024x299.jpg\" alt=\"\" class=\"wp-image-1422\" srcset=\"https:\/\/tulitu.eu\/wp\/wp-content\/uploads\/2019\/03\/logo_FWB-1024x299.jpg 1024w, https:\/\/tulitu.eu\/wp\/wp-content\/uploads\/2019\/03\/logo_FWB-300x87.jpg 300w, https:\/\/tulitu.eu\/wp\/wp-content\/uploads\/2019\/03\/logo_FWB-768x224.jpg 768w, https:\/\/tulitu.eu\/wp\/wp-content\/uploads\/2019\/03\/logo_FWB.jpg 1382w\" sizes=\"auto, (max-width: 1024px) 100vw, 1024px\" \/><\/figure>\n","protected":false},"excerpt":{"rendered":"<p>COMPLET Un Ap\u00e9ro po\u00e9sie avec Diglee \u00ab Oui, les femmes \u00e9crivent de la po\u00e9sie (et non, leur po\u00e9sie n\u2019est ni uniforme ni mi\u00e8vre). J\u2019avais envie dans ce livre de partager avec vous ces mots qui m\u2019ont tant \u00e9mue. Et de faire la peau au vieux clich\u00e9 qui voudrait que la po\u00e9sie soit un genre litt\u00e9raire &hellip; <a href=\"https:\/\/tulitu.eu\/wp\/?p=2147\" class=\"more-link\">Continue reading <span class=\"screen-reader-text\">COMPLET &#8211; Jeudi 10 mars \u00e0 19h Rencontre avec Diglee<\/span> <span class=\"meta-nav\">&rarr;<\/span><\/a><\/p>\n","protected":false},"author":1,"featured_media":0,"comment_status":"open","ping_status":"open","sticky":false,"template":"","format":"standard","meta":{"footnotes":""},"categories":[2],"tags":[],"class_list":["post-2147","post","type-post","status-publish","format-standard","hentry","category-agenda"],"_links":{"self":[{"href":"https:\/\/tulitu.eu\/wp\/index.php?rest_route=\/wp\/v2\/posts\/2147","targetHints":{"allow":["GET"]}}],"collection":[{"href":"https:\/\/tulitu.eu\/wp\/index.php?rest_route=\/wp\/v2\/posts"}],"about":[{"href":"https:\/\/tulitu.eu\/wp\/index.php?rest_route=\/wp\/v2\/types\/post"}],"author":[{"embeddable":true,"href":"https:\/\/tulitu.eu\/wp\/index.php?rest_route=\/wp\/v2\/users\/1"}],"replies":[{"embeddable":true,"href":"https:\/\/tulitu.eu\/wp\/index.php?rest_route=%2Fwp%2Fv2%2Fcomments&post=2147"}],"version-history":[{"count":4,"href":"https:\/\/tulitu.eu\/wp\/index.php?rest_route=\/wp\/v2\/posts\/2147\/revisions"}],"predecessor-version":[{"id":2152,"href":"https:\/\/tulitu.eu\/wp\/index.php?rest_route=\/wp\/v2\/posts\/2147\/revisions\/2152"}],"wp:attachment":[{"href":"https:\/\/tulitu.eu\/wp\/index.php?rest_route=%2Fwp%2Fv2%2Fmedia&parent=2147"}],"wp:term":[{"taxonomy":"category","embeddable":true,"href":"https:\/\/tulitu.eu\/wp\/index.php?rest_route=%2Fwp%2Fv2%2Fcategories&post=2147"},{"taxonomy":"post_tag","embeddable":true,"href":"https:\/\/tulitu.eu\/wp\/index.php?rest_route=%2Fwp%2Fv2%2Ftags&post=2147"}],"curies":[{"name":"wp","href":"https:\/\/api.w.org\/{rel}","templated":true}]}}