{"id":2115,"date":"2021-10-26T11:33:28","date_gmt":"2021-10-26T11:33:28","guid":{"rendered":"http:\/\/tulitu.eu\/wp\/?p=2115"},"modified":"2021-10-26T11:33:28","modified_gmt":"2021-10-26T11:33:28","slug":"mercredi-24-novembre-de-18h-a-20h-seance-de-dedicaces-avec-la-bedeiste-sophie-bedard","status":"publish","type":"post","link":"https:\/\/tulitu.eu\/wp\/?p=2115","title":{"rendered":"Mercredi 24 novembre de 18h \u00e0 20h &#8211; S\u00e9ance de d\u00e9dicaces avec la b\u00e9d\u00e9iste Sophie B\u00e9dard"},"content":{"rendered":"\n<figure class=\"wp-block-image is-resized\"><img loading=\"lazy\" decoding=\"async\" src=\"http:\/\/tulitu.eu\/wp\/wp-content\/uploads\/2021\/10\/001_SELECTION_SOPHIE-BEDARD_PrunePaycha_R_300dpi-837x1024.jpg\" alt=\"\" class=\"wp-image-2116\" width=\"253\" height=\"309\" srcset=\"https:\/\/tulitu.eu\/wp\/wp-content\/uploads\/2021\/10\/001_SELECTION_SOPHIE-BEDARD_PrunePaycha_R_300dpi-837x1024.jpg 837w, https:\/\/tulitu.eu\/wp\/wp-content\/uploads\/2021\/10\/001_SELECTION_SOPHIE-BEDARD_PrunePaycha_R_300dpi-245x300.jpg 245w, https:\/\/tulitu.eu\/wp\/wp-content\/uploads\/2021\/10\/001_SELECTION_SOPHIE-BEDARD_PrunePaycha_R_300dpi-768x939.jpg 768w\" sizes=\"auto, (max-width: 253px) 100vw, 253px\" \/><\/figure>\n\n\n\n<figure class=\"wp-block-image is-resized\"><img loading=\"lazy\" decoding=\"async\" src=\"http:\/\/tulitu.eu\/wp\/wp-content\/uploads\/2021\/10\/bedard.jpg\" alt=\"\" class=\"wp-image-2117\" width=\"148\" height=\"195\" srcset=\"https:\/\/tulitu.eu\/wp\/wp-content\/uploads\/2021\/10\/bedard.jpg 650w, https:\/\/tulitu.eu\/wp\/wp-content\/uploads\/2021\/10\/bedard-227x300.jpg 227w\" sizes=\"auto, (max-width: 148px) 100vw, 148px\" \/><\/figure>\n\n\n\n<p><strong>Pour r\u00e9server : <\/strong><a href=\"https:\/\/www.eventbrite.fr\/e\/seance-de-dedicaces-avec-la-bedeiste-sophie-bedard-tickets-198859894297\">https:\/\/www.eventbrite.fr\/e\/seance-de-dedicaces-avec-la-bedeiste-sophie-bedard-tickets-198859894297<\/a><\/p>\n\n\n\n<p>Sophie B\u00e9dard est en r\u00e9sidence \u00e0 Bruxelles sur l&#8217;invitation de la F\u00e9d\u00e9ration Wallonie-Bruxelles.<\/p>\n\n\n\n<p>Sophie B\u00e9dard est n\u00e9e \u00e0 La Prairie en 1991. Apr\u00e8s avoir obtenu un DEC en Graphisme, elle s\u2019installe \u00e0 Montr\u00e9al et se lance dans l\u2019\u00e9criture de <em>Glorieux Printemps<\/em>, une s\u00e9rie adolescente en quatre tomes parue aux \u00c9ditions Pow Pow. Elle a ensuite d\u00e9croch\u00e9 un bac en sexologie, puis a publi\u00e9 <em>Les petits gar\u00e7ons<\/em>, \u00e9galement chez Pow Pow.<\/p>\n\n\n\n<p>Dans <em>Les petits gar\u00e7ons , <\/em>on suit Anna qui, apr\u00e8s un an sans donner de nouvelles, Nana d\u00e9boule dans l\u2019appartement de ses deux anciennes colocataires. Ses motivations semblent simples : elle veut r\u00e9parer les pots cass\u00e9s et regagner leur confiance. Ce sera un peu plus compliqu\u00e9 que pr\u00e9vu.<\/p>\n\n\n\n<p><em>Les petits gar\u00e7ons<\/em> est un r\u00e9cit sur les al\u00e9as du d\u00e9but de l\u2019\u00e2ge adulte et sur les amiti\u00e9s qui nous brisent le c\u0153ur.<\/p>\n","protected":false},"excerpt":{"rendered":"<p>Pour r\u00e9server : https:\/\/www.eventbrite.fr\/e\/seance-de-dedicaces-avec-la-bedeiste-sophie-bedard-tickets-198859894297 Sophie B\u00e9dard est en r\u00e9sidence \u00e0 Bruxelles sur l&#8217;invitation de la F\u00e9d\u00e9ration Wallonie-Bruxelles. Sophie B\u00e9dard est n\u00e9e \u00e0 La Prairie en 1991. Apr\u00e8s avoir obtenu un DEC en Graphisme, elle s\u2019installe \u00e0 Montr\u00e9al et se lance dans l\u2019\u00e9criture de Glorieux Printemps, une s\u00e9rie adolescente en quatre tomes parue aux \u00c9ditions Pow &hellip; <a href=\"https:\/\/tulitu.eu\/wp\/?p=2115\" class=\"more-link\">Continue reading <span class=\"screen-reader-text\">Mercredi 24 novembre de 18h \u00e0 20h &#8211; S\u00e9ance de d\u00e9dicaces avec la b\u00e9d\u00e9iste Sophie B\u00e9dard<\/span> <span class=\"meta-nav\">&rarr;<\/span><\/a><\/p>\n","protected":false},"author":1,"featured_media":0,"comment_status":"open","ping_status":"open","sticky":false,"template":"","format":"standard","meta":{"footnotes":""},"categories":[2],"tags":[],"class_list":["post-2115","post","type-post","status-publish","format-standard","hentry","category-agenda"],"_links":{"self":[{"href":"https:\/\/tulitu.eu\/wp\/index.php?rest_route=\/wp\/v2\/posts\/2115","targetHints":{"allow":["GET"]}}],"collection":[{"href":"https:\/\/tulitu.eu\/wp\/index.php?rest_route=\/wp\/v2\/posts"}],"about":[{"href":"https:\/\/tulitu.eu\/wp\/index.php?rest_route=\/wp\/v2\/types\/post"}],"author":[{"embeddable":true,"href":"https:\/\/tulitu.eu\/wp\/index.php?rest_route=\/wp\/v2\/users\/1"}],"replies":[{"embeddable":true,"href":"https:\/\/tulitu.eu\/wp\/index.php?rest_route=%2Fwp%2Fv2%2Fcomments&post=2115"}],"version-history":[{"count":2,"href":"https:\/\/tulitu.eu\/wp\/index.php?rest_route=\/wp\/v2\/posts\/2115\/revisions"}],"predecessor-version":[{"id":2119,"href":"https:\/\/tulitu.eu\/wp\/index.php?rest_route=\/wp\/v2\/posts\/2115\/revisions\/2119"}],"wp:attachment":[{"href":"https:\/\/tulitu.eu\/wp\/index.php?rest_route=%2Fwp%2Fv2%2Fmedia&parent=2115"}],"wp:term":[{"taxonomy":"category","embeddable":true,"href":"https:\/\/tulitu.eu\/wp\/index.php?rest_route=%2Fwp%2Fv2%2Fcategories&post=2115"},{"taxonomy":"post_tag","embeddable":true,"href":"https:\/\/tulitu.eu\/wp\/index.php?rest_route=%2Fwp%2Fv2%2Ftags&post=2115"}],"curies":[{"name":"wp","href":"https:\/\/api.w.org\/{rel}","templated":true}]}}